{"id":10148,"date":"2021-04-30T08:57:00","date_gmt":"2021-04-30T06:57:00","guid":{"rendered":"https:\/\/www.saporideisassi.it\/blog\/?p=10148"},"modified":"2024-01-24T19:42:56","modified_gmt":"2024-01-24T18:42:56","slug":"pasta-al-forno-quale-pasta-utilizzare-e-perche","status":"publish","type":"post","link":"https:\/\/www.saporideisassi.it\/blog\/pasta-al-forno-quale-pasta-utilizzare-e-perche\/","title":{"rendered":"Pasta al forno: quale pasta utilizzare e perch\u00e8"},"content":{"rendered":"\n<p class=\"has-medium-font-size\">Ti stai accingendo a preparare la regina dei primi piatti e un dubbio amletico ti assale. Q<strong>uale formato di pasta usare per preparare la pasta al forno?<\/strong><\/p>\n\n\n\n<p class=\"has-medium-font-size\">Ci arriviamo tra pochissimo, seguimi.<\/p>\n\n\n\n<p class=\"has-medium-font-size\">La <strong>pasta al forno<\/strong> \u00e8 uno dei piatti che pi\u00f9 ci ricordano e rappresentano i pranzi domenicali e i momenti passati in famiglia. Un piatto che \u00e8 largamente diffuso in tutte le regioni italiane, preparato con diverse varianti a seconda di quelle che sono le tradizioni locali, i <strong><a href=\"https:\/\/www.saporideisassi.it\/17-pasta-artigianale\">tipi di pasta<\/a><\/strong> e di condimenti che il territorio mette a disposizione.\u00a0<\/p>\n\n\n\n<figure class=\"wp-block-image size-large\"><img fetchpriority=\"high\" decoding=\"async\" width=\"705\" height=\"470\" src=\"https:\/\/www.saporideisassi.it\/blog\/wp-content\/uploads\/pasta-al-forno.jpg\" alt=\"pasta da usare per preparare la pasta al forno\" class=\"wp-image-10150\" srcset=\"https:\/\/www.saporideisassi.it\/blog\/wp-content\/uploads\/pasta-al-forno.jpg 705w, https:\/\/www.saporideisassi.it\/blog\/wp-content\/uploads\/pasta-al-forno-300x200.jpg 300w\" sizes=\"(max-width: 705px) 100vw, 705px\" \/><\/figure>\n\n\n\n<p class=\"has-medium-font-size\">Come per tutti i primi piatti della nostra tradizione, per\u00f2, ci sono sempre dibattiti su quelli che sarebbero i formati migliori da utilizzare per la preparazione della pasta al forno: domanda a cui non sempre \u00e8 possibile dare una risposta.&nbsp;<\/p>\n\n\n\n<p class=\"has-medium-font-size\">La scelta della pasta, infatti, \u00e8 molto influenzata da quelli che sono i gusti personali e, molto spesso, dal<strong> tipo di formato<\/strong> che abbiamo a disposizione in quel momento in casa.&nbsp;<\/p>\n\n\n\n<h2 class=\"wp-block-heading\">Pasta al forno: quale formato di pasta usare?<\/h2>\n\n\n\n<p class=\"has-medium-font-size\">La ricetta tradizionale della <strong>pasta al forno<\/strong> prevede l\u2019utilizzo delle <strong>penne<\/strong> (anche pennette) che vengono condite col rag\u00f9 e mozzarella, prima di essere infornate a 180\u00b0 per circa 15\/20 minuti.&nbsp;<\/p>\n\n\n\n<p class=\"has-medium-font-size\">L\u2019utilizzo delle penne, infatti, permette il formarsi di quella crosticina che rende la pasta al forno croccante e appetitosa. Proprio per questo motivo, inoltre, questo primo piatto (che si pu\u00f2 a tutti gli effetti considerare come un piatto unico) \u00e8 anche molto apprezzato dai pi\u00f9 piccoli che vengono anche attratti dalla mozzarella filante.&nbsp;<\/p>\n\n\n\n<p class=\"has-medium-font-size\">Questo ovviamente per quello che riguarda la ricetta classica e pi\u00f9 apprezzata della pasta al forno, ma come detto ci sono diverse varianti studiate per andare incontro ai gusti di tutti. <\/p>\n\n\n\n<p class=\"has-medium-font-size\">Uscendo, infatti, da quella che \u00e8 l\u2019idea classica che abbiamo di questo piatto, \u00e8 da considerare che la maggior parte dei tipi di pasta pu\u00f2 essere cotta al forno, l&#8217;importante \u00e8 utilizzare una <strong><a href=\"https:\/\/www.saporideisassi.it\/17-pasta-artigianale\">pasta di alta qualit\u00e0<\/a><\/strong> che tiene bene la cottura.<\/p>\n\n\n\n<p class=\"has-medium-font-size\">Proprio per questo si possono usare indistintamente <strong>fusilli, ziti corti e lunghi, lasagne, rigatoni <\/strong>e, addirittura, tortellini in abbinamento a condimenti che escono anche dal classico rag\u00f9.&nbsp;<\/p>\n\n\n\n<figure class=\"wp-block-image size-large\"><a href=\"https:\/\/www.saporideisassi.it\/17-pasta-artigianale\"><img decoding=\"async\" width=\"700\" height=\"605\" src=\"https:\/\/www.saporideisassi.it\/blog\/wp-content\/uploads\/BannerPasta.jpg\" alt=\"pasta artigianale online\" class=\"wp-image-9937\" srcset=\"https:\/\/www.saporideisassi.it\/blog\/wp-content\/uploads\/BannerPasta.jpg 700w, https:\/\/www.saporideisassi.it\/blog\/wp-content\/uploads\/BannerPasta-300x259.jpg 300w\" sizes=\"(max-width: 700px) 100vw, 700px\" \/><\/a><\/figure>\n\n\n\n<p class=\"has-medium-font-size\">Le varianti moderne, ad esempio, prevedono anche l\u2019utilizzo dei <strong>maccheroni<\/strong> che si possono usare anche in paste al forno bianche (quindi senza rag\u00f9 o pomodoro in generale) dove a vincere \u00e8 il sapore dei formaggi che andremo a fondere con la pasta. Una ricetta che piace soprattutto ai pi\u00f9 piccoli, ma non solo.&nbsp;<\/p>\n\n\n\n<p class=\"has-medium-font-size\">Altri formati di pasta che si prestano perfettamente alla cottura al forno e che regalano dei primi piatti eccezionali sono anche gli<strong> gnocchi, i tortiglioni<\/strong> (prima ripieni e poi messi in forno con la besciamella) e anche gli <strong>spaghetti <\/strong>che, esattamente come il<strong> riso<\/strong>, si prestano alle cosiddette \u201ctorte\u201d: un modo intelligente e gustoso di riciclare gli avanzi del giorno prima o del pranzo.&nbsp;<\/p>\n\n\n\n<h2 class=\"wp-block-heading\">Si pu\u00f2 usare la pasta integrale per preparare la pasta al forno?<\/h2>\n\n\n\n<p class=\"has-medium-font-size\">Anche la pasta integrale pu\u00f2 essere utilizzata con successo per preparare la pasta al forno. La pasta integrale offre benefici nutrizionali aggiuntivi rispetto alla pasta tradizionale, poich\u00e9 conserva il germe di grano, il quale \u00e8 ricco di fibre, vitamine e minerali.<\/p>\n\n\n\n<p class=\"has-medium-font-size\">Ecco alcuni suggerimenti per utilizzare la pasta integrale nella preparazione di una pasta al forno:<\/p>\n\n\n\n<ol>\n<li class=\"has-medium-font-size\"><strong>Cottura della Pasta Integrale:<\/strong> Assicurati di seguire le istruzioni sulla confezione per la cottura della pasta integrale. La pasta integrale pu\u00f2 richiedere leggermente pi\u00f9 tempo di cottura rispetto alla pasta tradizionale.<\/li>\n\n\n\n<li class=\"has-medium-font-size\"><strong>Scegli la Forma di Pasta Adatta:<\/strong> Puoi utilizzare qualsiasi forma di pasta integrale che preferisci, come penne, rigatoni, fusilli, o lasagne integrali, a seconda della ricetta di pasta al forno che hai in mente.<\/li>\n\n\n\n<li class=\"has-medium-font-size\"><strong>Abbinamenti di Sapori:<\/strong> La pasta integrale ha un sapore pi\u00f9 robusto e terra, che si abbina bene con salse ricche e condimenti saporiti. Considera l&#8217;uso di salse a base di pomodoro, besciamella, rag\u00f9 o pesto.<\/li>\n\n\n\n<li class=\"has-medium-font-size\"><strong>Strati e Ripieni:<\/strong> Se stai preparando una lasagna o un piatto di pasta al forno stratificato, puoi alternare strati di pasta integrale con ripieni gustosi come formaggio, verdure grigliate e carne.<\/li>\n\n\n\n<li class=\"has-medium-font-size\"><strong>Precoce Cottura della Pasta:<\/strong> Poich\u00e9 la pasta integrale pu\u00f2 richiedere pi\u00f9 tempo per cuocere, potrebbe essere utile cuocerla leggermente prima di assemblare la pasta al forno. Questo aiuter\u00e0 a garantire che la pasta sia cotta uniformemente durante la cottura in forno.<\/li>\n\n\n\n<li class=\"has-medium-font-size\"><strong>Controlla la Quantit\u00e0 di Liquido:<\/strong> La pasta integrale pu\u00f2 assorbire pi\u00f9 liquido durante la cottura, quindi potrebbe essere necessario aggiungere un po&#8217; pi\u00f9 di salsa o brodo nella preparazione della pasta al forno.<\/li>\n<\/ol>\n\n\n\n<p class=\"has-medium-font-size\">Ricorda che l&#8217;utilizzo della pasta integrale aggiunge non solo un tocco nutrizionale ma anche un sapore unico al tuo piatto di pasta al forno.<\/p>\n\n\n\n<blockquote class=\"wp-block-quote is-style-large\">\n<p><span style=\"background-color:#eeeeee\" class=\"tadv-background-color\">Leggi anche: <strong><a href=\"https:\/\/www.saporideisassi.it\/blog\/curiosita-pasta-di-gragnano\/\">5 curiosit\u00e0 sulla pasta di Gragnano che (forse) non conosci<\/a><\/strong><\/span><\/p>\n<\/blockquote>\n","protected":false},"excerpt":{"rendered":"<p>Ti stai accingendo a preparare la regina dei primi piatti e un dubbio amletico ti assale. Quale formato di pasta usare per preparare la pasta al forno? Ci arriviamo tra pochissimo, seguimi. La pasta al forno \u00e8 uno dei piatti che pi\u00f9 ci ricordano e rappresentano i pranzi domenicali e i momenti passati in famiglia. [&hellip;]<\/p>\n","protected":false},"author":4,"featured_media":10150,"comment_status":"open","ping_status":"open","sticky":false,"template":"","format":"standard","meta":{"_lmt_disableupdate":"","_lmt_disable":"","_monsterinsights_skip_tracking":false,"_monsterinsights_sitenote_active":false,"_monsterinsights_sitenote_note":"","_monsterinsights_sitenote_category":0,"footnotes":""},"categories":[651],"tags":[],"yoast_head":"<!-- This site is optimized with the Yoast SEO plugin v22.0 - https:\/\/yoast.com\/wordpress\/plugins\/seo\/ -->\n<title>Quale Pasta Utilizzare per Preparare la Pasta al Forno (e Perch\u00e8)<\/title>\n<meta name=\"description\" content=\"Quali sono i formati di pasta pi\u00f9 adatti alla preparazione della succulenta e ipercalorica pasta al forno? &gt;&gt;&gt; Leggi qui i nostri consigli\" \/>\n<meta name=\"robots\" content=\"index, follow, max-snippet:-1, max-image-preview:large, max-video-preview:-1\" \/>\n<link rel=\"canonical\" href=\"https:\/\/www.saporideisassi.it\/blog\/pasta-al-forno-quale-pasta-utilizzare-e-perche\/\" \/>\n<meta property=\"og:locale\" content=\"it_IT\" \/>\n<meta property=\"og:type\" content=\"article\" \/>\n<meta property=\"og:title\" content=\"Quale Pasta Utilizzare per Preparare la Pasta al Forno (e Perch\u00e8)\" \/>\n<meta property=\"og:description\" content=\"Quali sono i formati di pasta pi\u00f9 adatti alla preparazione della succulenta e ipercalorica pasta al forno? &gt;&gt;&gt; Leggi qui i nostri consigli\" \/>\n<meta property=\"og:url\" content=\"https:\/\/www.saporideisassi.it\/blog\/pasta-al-forno-quale-pasta-utilizzare-e-perche\/\" \/>\n<meta property=\"og:site_name\" content=\"Sapori dei Sassi\" \/>\n<meta property=\"article:publisher\" content=\"https:\/\/www.facebook.com\/saporideisassi\/\" \/>\n<meta property=\"article:published_time\" content=\"2021-04-30T06:57:00+00:00\" \/>\n<meta property=\"article:modified_time\" content=\"2024-01-24T18:42:56+00:00\" \/>\n<meta property=\"og:image\" content=\"https:\/\/www.saporideisassi.it\/blog\/wp-content\/uploads\/pasta-al-forno.jpg\" \/>\n\t<meta property=\"og:image:width\" content=\"705\" \/>\n\t<meta property=\"og:image:height\" content=\"470\" \/>\n\t<meta property=\"og:image:type\" content=\"image\/jpeg\" \/>\n<meta name=\"author\" content=\"Giuseppe\" \/>\n<meta name=\"twitter:card\" content=\"summary_large_image\" \/>\n<meta name=\"twitter:creator\" content=\"@saporideisassi\" \/>\n<meta name=\"twitter:site\" content=\"@saporideisassi\" \/>\n<meta name=\"twitter:label1\" content=\"Scritto da\" \/>\n\t<meta name=\"twitter:data1\" content=\"Giuseppe\" \/>\n\t<meta name=\"twitter:label2\" content=\"Tempo di lettura stimato\" \/>\n\t<meta name=\"twitter:data2\" content=\"5 minuti\" \/>\n<script type=\"application\/ld+json\" class=\"yoast-schema-graph\">{\"@context\":\"https:\/\/schema.org\",\"@graph\":[{\"@type\":\"Article\",\"@id\":\"https:\/\/www.saporideisassi.it\/blog\/pasta-al-forno-quale-pasta-utilizzare-e-perche\/#article\",\"isPartOf\":{\"@id\":\"https:\/\/www.saporideisassi.it\/blog\/pasta-al-forno-quale-pasta-utilizzare-e-perche\/\"},\"author\":{\"name\":\"Giuseppe\",\"@id\":\"https:\/\/www.saporideisassi.it\/blog\/#\/schema\/person\/cbedf4a78606e72a58f11bd21b2e9726\"},\"headline\":\"Pasta al forno: quale pasta utilizzare e perch\u00e8\",\"datePublished\":\"2021-04-30T06:57:00+00:00\",\"dateModified\":\"2024-01-24T18:42:56+00:00\",\"mainEntityOfPage\":{\"@id\":\"https:\/\/www.saporideisassi.it\/blog\/pasta-al-forno-quale-pasta-utilizzare-e-perche\/\"},\"wordCount\":786,\"commentCount\":0,\"publisher\":{\"@id\":\"https:\/\/www.saporideisassi.it\/blog\/#organization\"},\"articleSection\":[\"Consigli gastronomici\"],\"inLanguage\":\"it-IT\",\"potentialAction\":[{\"@type\":\"CommentAction\",\"name\":\"Comment\",\"target\":[\"https:\/\/www.saporideisassi.it\/blog\/pasta-al-forno-quale-pasta-utilizzare-e-perche\/#respond\"]}]},{\"@type\":\"WebPage\",\"@id\":\"https:\/\/www.saporideisassi.it\/blog\/pasta-al-forno-quale-pasta-utilizzare-e-perche\/\",\"url\":\"https:\/\/www.saporideisassi.it\/blog\/pasta-al-forno-quale-pasta-utilizzare-e-perche\/\",\"name\":\"Quale Pasta Utilizzare per Preparare la Pasta al Forno (e Perch\u00e8)\",\"isPartOf\":{\"@id\":\"https:\/\/www.saporideisassi.it\/blog\/#website\"},\"datePublished\":\"2021-04-30T06:57:00+00:00\",\"dateModified\":\"2024-01-24T18:42:56+00:00\",\"description\":\"Quali sono i formati di pasta pi\u00f9 adatti alla preparazione della succulenta e ipercalorica pasta al forno? >>> Leggi qui i nostri consigli\",\"breadcrumb\":{\"@id\":\"https:\/\/www.saporideisassi.it\/blog\/pasta-al-forno-quale-pasta-utilizzare-e-perche\/#breadcrumb\"},\"inLanguage\":\"it-IT\",\"potentialAction\":[{\"@type\":\"ReadAction\",\"target\":[\"https:\/\/www.saporideisassi.it\/blog\/pasta-al-forno-quale-pasta-utilizzare-e-perche\/\"]}]},{\"@type\":\"BreadcrumbList\",\"@id\":\"https:\/\/www.saporideisassi.it\/blog\/pasta-al-forno-quale-pasta-utilizzare-e-perche\/#breadcrumb\",\"itemListElement\":[{\"@type\":\"ListItem\",\"position\":1,\"name\":\"Home\",\"item\":\"https:\/\/www.saporideisassi.it\/blog\/\"},{\"@type\":\"ListItem\",\"position\":2,\"name\":\"Pasta al forno: quale pasta utilizzare e perch\u00e8\"}]},{\"@type\":\"WebSite\",\"@id\":\"https:\/\/www.saporideisassi.it\/blog\/#website\",\"url\":\"https:\/\/www.saporideisassi.it\/blog\/\",\"name\":\"Sapori dei Sassi\",\"description\":\"Raccontiamo la cultura eno-gastronomica\",\"publisher\":{\"@id\":\"https:\/\/www.saporideisassi.it\/blog\/#organization\"},\"potentialAction\":[{\"@type\":\"SearchAction\",\"target\":{\"@type\":\"EntryPoint\",\"urlTemplate\":\"https:\/\/www.saporideisassi.it\/blog\/?s={search_term_string}\"},\"query-input\":\"required name=search_term_string\"}],\"inLanguage\":\"it-IT\"},{\"@type\":\"Organization\",\"@id\":\"https:\/\/www.saporideisassi.it\/blog\/#organization\",\"name\":\"Sapori dei Sassi srl\",\"url\":\"https:\/\/www.saporideisassi.it\/blog\/\",\"logo\":{\"@type\":\"ImageObject\",\"inLanguage\":\"it-IT\",\"@id\":\"https:\/\/www.saporideisassi.it\/blog\/#\/schema\/logo\/image\/\",\"url\":\"https:\/\/www.saporideisassi.it\/blog\/wp-content\/uploads\/cropped-sapori-dei-sassi-logo-1622549037.png\",\"contentUrl\":\"https:\/\/www.saporideisassi.it\/blog\/wp-content\/uploads\/cropped-sapori-dei-sassi-logo-1622549037.png\",\"width\":213,\"height\":80,\"caption\":\"Sapori dei Sassi srl\"},\"image\":{\"@id\":\"https:\/\/www.saporideisassi.it\/blog\/#\/schema\/logo\/image\/\"},\"sameAs\":[\"https:\/\/www.facebook.com\/saporideisassi\/\",\"https:\/\/twitter.com\/saporideisassi\",\"https:\/\/www.instagram.com\/saporideisassi\/\",\"https:\/\/www.youtube.com\/user\/SaporideiSassi\"]},{\"@type\":\"Person\",\"@id\":\"https:\/\/www.saporideisassi.it\/blog\/#\/schema\/person\/cbedf4a78606e72a58f11bd21b2e9726\",\"name\":\"Giuseppe\",\"image\":{\"@type\":\"ImageObject\",\"inLanguage\":\"it-IT\",\"@id\":\"https:\/\/www.saporideisassi.it\/blog\/#\/schema\/person\/image\/\",\"url\":\"https:\/\/secure.gravatar.com\/avatar\/5356ea01ec06a6acc44473a51e3934b7?s=96&d=mm&r=g\",\"contentUrl\":\"https:\/\/secure.gravatar.com\/avatar\/5356ea01ec06a6acc44473a51e3934b7?s=96&d=mm&r=g\",\"caption\":\"Giuseppe\"},\"url\":\"https:\/\/www.saporideisassi.it\/blog\/author\/peppesix\/\"}]}<\/script>\n<!-- \/ Yoast SEO plugin. -->","yoast_head_json":{"title":"Quale Pasta Utilizzare per Preparare la Pasta al Forno (e Perch\u00e8)","description":"Quali sono i formati di pasta pi\u00f9 adatti alla preparazione della succulenta e ipercalorica pasta al forno? >>> Leggi qui i nostri consigli","robots":{"index":"index","follow":"follow","max-snippet":"max-snippet:-1","max-image-preview":"max-image-preview:large","max-video-preview":"max-video-preview:-1"},"canonical":"https:\/\/www.saporideisassi.it\/blog\/pasta-al-forno-quale-pasta-utilizzare-e-perche\/","og_locale":"it_IT","og_type":"article","og_title":"Quale Pasta Utilizzare per Preparare la Pasta al Forno (e Perch\u00e8)","og_description":"Quali sono i formati di pasta pi\u00f9 adatti alla preparazione della succulenta e ipercalorica pasta al forno? >>> Leggi qui i nostri consigli","og_url":"https:\/\/www.saporideisassi.it\/blog\/pasta-al-forno-quale-pasta-utilizzare-e-perche\/","og_site_name":"Sapori dei Sassi","article_publisher":"https:\/\/www.facebook.com\/saporideisassi\/","article_published_time":"2021-04-30T06:57:00+00:00","article_modified_time":"2024-01-24T18:42:56+00:00","og_image":[{"width":705,"height":470,"url":"https:\/\/www.saporideisassi.it\/blog\/wp-content\/uploads\/pasta-al-forno.jpg","type":"image\/jpeg"}],"author":"Giuseppe","twitter_card":"summary_large_image","twitter_creator":"@saporideisassi","twitter_site":"@saporideisassi","twitter_misc":{"Scritto da":"Giuseppe","Tempo di lettura stimato":"5 minuti"},"schema":{"@context":"https:\/\/schema.org","@graph":[{"@type":"Article","@id":"https:\/\/www.saporideisassi.it\/blog\/pasta-al-forno-quale-pasta-utilizzare-e-perche\/#article","isPartOf":{"@id":"https:\/\/www.saporideisassi.it\/blog\/pasta-al-forno-quale-pasta-utilizzare-e-perche\/"},"author":{"name":"Giuseppe","@id":"https:\/\/www.saporideisassi.it\/blog\/#\/schema\/person\/cbedf4a78606e72a58f11bd21b2e9726"},"headline":"Pasta al forno: quale pasta utilizzare e perch\u00e8","datePublished":"2021-04-30T06:57:00+00:00","dateModified":"2024-01-24T18:42:56+00:00","mainEntityOfPage":{"@id":"https:\/\/www.saporideisassi.it\/blog\/pasta-al-forno-quale-pasta-utilizzare-e-perche\/"},"wordCount":786,"commentCount":0,"publisher":{"@id":"https:\/\/www.saporideisassi.it\/blog\/#organization"},"articleSection":["Consigli gastronomici"],"inLanguage":"it-IT","potentialAction":[{"@type":"CommentAction","name":"Comment","target":["https:\/\/www.saporideisassi.it\/blog\/pasta-al-forno-quale-pasta-utilizzare-e-perche\/#respond"]}]},{"@type":"WebPage","@id":"https:\/\/www.saporideisassi.it\/blog\/pasta-al-forno-quale-pasta-utilizzare-e-perche\/","url":"https:\/\/www.saporideisassi.it\/blog\/pasta-al-forno-quale-pasta-utilizzare-e-perche\/","name":"Quale Pasta Utilizzare per Preparare la Pasta al Forno (e Perch\u00e8)","isPartOf":{"@id":"https:\/\/www.saporideisassi.it\/blog\/#website"},"datePublished":"2021-04-30T06:57:00+00:00","dateModified":"2024-01-24T18:42:56+00:00","description":"Quali sono i formati di pasta pi\u00f9 adatti alla preparazione della succulenta e ipercalorica pasta al forno? >>> Leggi qui i nostri consigli","breadcrumb":{"@id":"https:\/\/www.saporideisassi.it\/blog\/pasta-al-forno-quale-pasta-utilizzare-e-perche\/#breadcrumb"},"inLanguage":"it-IT","potentialAction":[{"@type":"ReadAction","target":["https:\/\/www.saporideisassi.it\/blog\/pasta-al-forno-quale-pasta-utilizzare-e-perche\/"]}]},{"@type":"BreadcrumbList","@id":"https:\/\/www.saporideisassi.it\/blog\/pasta-al-forno-quale-pasta-utilizzare-e-perche\/#breadcrumb","itemListElement":[{"@type":"ListItem","position":1,"name":"Home","item":"https:\/\/www.saporideisassi.it\/blog\/"},{"@type":"ListItem","position":2,"name":"Pasta al forno: quale pasta utilizzare e perch\u00e8"}]},{"@type":"WebSite","@id":"https:\/\/www.saporideisassi.it\/blog\/#website","url":"https:\/\/www.saporideisassi.it\/blog\/","name":"Sapori dei Sassi","description":"Raccontiamo la cultura eno-gastronomica","publisher":{"@id":"https:\/\/www.saporideisassi.it\/blog\/#organization"},"potentialAction":[{"@type":"SearchAction","target":{"@type":"EntryPoint","urlTemplate":"https:\/\/www.saporideisassi.it\/blog\/?s={search_term_string}"},"query-input":"required name=search_term_string"}],"inLanguage":"it-IT"},{"@type":"Organization","@id":"https:\/\/www.saporideisassi.it\/blog\/#organization","name":"Sapori dei Sassi srl","url":"https:\/\/www.saporideisassi.it\/blog\/","logo":{"@type":"ImageObject","inLanguage":"it-IT","@id":"https:\/\/www.saporideisassi.it\/blog\/#\/schema\/logo\/image\/","url":"https:\/\/www.saporideisassi.it\/blog\/wp-content\/uploads\/cropped-sapori-dei-sassi-logo-1622549037.png","contentUrl":"https:\/\/www.saporideisassi.it\/blog\/wp-content\/uploads\/cropped-sapori-dei-sassi-logo-1622549037.png","width":213,"height":80,"caption":"Sapori dei Sassi srl"},"image":{"@id":"https:\/\/www.saporideisassi.it\/blog\/#\/schema\/logo\/image\/"},"sameAs":["https:\/\/www.facebook.com\/saporideisassi\/","https:\/\/twitter.com\/saporideisassi","https:\/\/www.instagram.com\/saporideisassi\/","https:\/\/www.youtube.com\/user\/SaporideiSassi"]},{"@type":"Person","@id":"https:\/\/www.saporideisassi.it\/blog\/#\/schema\/person\/cbedf4a78606e72a58f11bd21b2e9726","name":"Giuseppe","image":{"@type":"ImageObject","inLanguage":"it-IT","@id":"https:\/\/www.saporideisassi.it\/blog\/#\/schema\/person\/image\/","url":"https:\/\/secure.gravatar.com\/avatar\/5356ea01ec06a6acc44473a51e3934b7?s=96&d=mm&r=g","contentUrl":"https:\/\/secure.gravatar.com\/avatar\/5356ea01ec06a6acc44473a51e3934b7?s=96&d=mm&r=g","caption":"Giuseppe"},"url":"https:\/\/www.saporideisassi.it\/blog\/author\/peppesix\/"}]}},"modified_by":"Giuseppe","_links":{"self":[{"href":"https:\/\/www.saporideisassi.it\/blog\/wp-json\/wp\/v2\/posts\/10148"}],"collection":[{"href":"https:\/\/www.saporideisassi.it\/blog\/wp-json\/wp\/v2\/posts"}],"about":[{"href":"https:\/\/www.saporideisassi.it\/blog\/wp-json\/wp\/v2\/types\/post"}],"author":[{"embeddable":true,"href":"https:\/\/www.saporideisassi.it\/blog\/wp-json\/wp\/v2\/users\/4"}],"replies":[{"embeddable":true,"href":"https:\/\/www.saporideisassi.it\/blog\/wp-json\/wp\/v2\/comments?post=10148"}],"version-history":[{"count":6,"href":"https:\/\/www.saporideisassi.it\/blog\/wp-json\/wp\/v2\/posts\/10148\/revisions"}],"predecessor-version":[{"id":11405,"href":"https:\/\/www.saporideisassi.it\/blog\/wp-json\/wp\/v2\/posts\/10148\/revisions\/11405"}],"wp:featuredmedia":[{"embeddable":true,"href":"https:\/\/www.saporideisassi.it\/blog\/wp-json\/wp\/v2\/media\/10150"}],"wp:attachment":[{"href":"https:\/\/www.saporideisassi.it\/blog\/wp-json\/wp\/v2\/media?parent=10148"}],"wp:term":[{"taxonomy":"category","embeddable":true,"href":"https:\/\/www.saporideisassi.it\/blog\/wp-json\/wp\/v2\/categories?post=10148"},{"taxonomy":"post_tag","embeddable":true,"href":"https:\/\/www.saporideisassi.it\/blog\/wp-json\/wp\/v2\/tags?post=10148"}],"curies":[{"name":"wp","href":"https:\/\/api.w.org\/{rel}","templated":true}]}}