{"id":2360,"date":"2011-02-21T09:50:03","date_gmt":"2011-02-21T07:50:03","guid":{"rendered":"https:\/\/www.saporideisassi.it\/blog\/?p=2360"},"modified":"2018-05-16T12:30:58","modified_gmt":"2018-05-16T10:30:58","slug":"cannelloni-di-carnevale-ricetta-tradizionale-salentina","status":"publish","type":"post","link":"https:\/\/www.saporideisassi.it\/blog\/cannelloni-di-carnevale-ricetta-tradizionale-salentina\/","title":{"rendered":"Cannelloni di Carnevale, ricetta tradizionale salentina"},"content":{"rendered":"<p><span style=\"color: #333333;\"><em><a href=\"https:\/\/www.saporideisassi.it\/blog\/2011\/02\/cannelloni-di-carnevale-ricetta-tradizionale-salentina\/cannelloni\/\" rel=\"attachment wp-att-2361\"><img fetchpriority=\"high\" decoding=\"async\" class=\"alignleft size-full wp-image-2361\" title=\"Cannelloni\" src=\"https:\/\/www.saporideisassi.it\/blog\/wp-content\/uploads\/Cannelloni.jpg\" alt=\"Cannelloni\" width=\"426\" height=\"640\" srcset=\"https:\/\/www.saporideisassi.it\/blog\/wp-content\/uploads\/Cannelloni.jpg 426w, https:\/\/www.saporideisassi.it\/blog\/wp-content\/uploads\/Cannelloni-199x300.jpg 199w\" sizes=\"(max-width: 426px) 100vw, 426px\" \/><\/a>Scritto da <span style=\"text-decoration: underline;\">Angela<\/span><\/em><\/span><\/p>\n<p>Siamo a Carnevale, una festivit\u00e0 che io adoro e che purtroppo qui a Matera non \u00e8 sentita e valorizzata come, invece dovrebbe essere.\u00a0 Soltanto qualche anno fa, quando io ero ancora adolescente, i Sassi di Matera furono invasi da maschere di ogni tipo, e in ogni angolo c&#8217;erano musicisti ed intrattenitori pronti a far divertire il pubblico.\u00a0 A tutti i residenti fu chiesto di appendere fantocci alle finestre e furono anche organizzati concorsi a premio per le maschere pi\u00f9 originali e per i gruppi mascherati.\u00a0 Non c&#8217;erano carri allegorici come a Cento o a Putignano, ma si respirava aria di allegria e festa, sensazioni che mi fanno rimpiangere quei tempi&#8230;<\/p>\n<p>Io quest&#8217;anno non metter\u00f2 la mia adorata maschera di Pulcinella, ormai sono troppo grande, e festegger\u00f2 con questa meravigliosa ricetta tradizionale pugliese, molto tipica soprattutto nel Salento.\u00a0 L&#8217;ho scoperta grazie ad uno dei mei ultimi acquisti, &#8220;La cucina pugliese&#8221; di Luigi Sada, un tarantino di adozione barese autore di numerose pubblicazioni sulle tradizioni pugliesi, in particolare di quelle gastronomiche.\u00a0 I Cannelloni di Carnevale vengono anche definiti &#8220;Dita degli apostoli&#8221; e somigliano molto ai cannoli siciliani ma, in realt\u00e0, non sono cannoli perch\u00e9 l&#8217;involucro che raccoglie la ricotta non \u00e8 altro che una semplice frittatina di tuorli d&#8217;uovo e nell&#8217;impasto interno non ci sono i canditi ma le mandorle tostate e tritate. Nella descrizione del libro vengono descritti solo i tipi di ingredienti, per le dosi si va &#8220;a occhio&#8221; ed io ho fatto proprio cos\u00ec.\u00a0 Ad ogni modo vi scrivo le quantit\u00e0 che ho utilizzato io.\u00a0 Provateli perch\u00e9 son buonissimi e facili da preparare: io ci ho messo esattamente 10 minuti! E decorateli, come ho fatto io, con del vincotto pugliese: non lo prevede la ricetta originale ma da quel tocco in pi\u00f9 che li rende unici.<\/p>\n<p><strong>CANNELLONI DI CARNEVALE &#8211; RICETTA TIPICA DEL SALENTO<\/strong><\/p>\n<p><em><span style=\"text-decoration: underline;\">Ingredienti<\/span><\/em> (per circa 3-4 cannelloni)<\/p>\n<p>4 tuorli d&#8217;uovo<\/p>\n<p>250 gr di ricotta (non di capra)<\/p>\n<p>125 gr di zucchero<\/p>\n<p>150 gr di mandorle<\/p>\n<p>1 pizzico di cannella<\/p>\n<p><a href=\"https:\/\/www.saporideisassi.it\/vincotto-pugliese\/337-vincotto-250-ml.html\">vincotto originale<\/a><\/p>\n<p>zucchero a velo<\/p>\n<p><span style=\"text-decoration: underline;\"><em>Procedimento<\/em><\/span>:<\/p>\n<p>Sbattete i 4 tuorli d&#8217;uovo.\u00a0 Prendete il pi\u00f9 piccolo tegamino che avete a disposizione, ungete appena il fondo con dell&#8217;<a href=\"https:\/\/www.saporideisassi.it\/5-olio-extravergine\">olio extravergine d&#8217;oliva<\/a> e fate riscaldare.\u00a0 Versateci un cucchiaio abbondante di tuorlo e fate scorrere l&#8217;uovo lungo tutto il fondo affinch\u00e9 diventi una sottilissima frittatina.\u00a0 Quando si sar\u00e0 staccata dal fondo girate la frittatina e fate cuocere e dorare per bene anche dall&#8217;altro lato.\u00a0 A cottura completa ponete la frittatina su un piatto a raffreddare. Ripetete l&#8217;operazione fino a quando avrete terminato tutto l&#8217;uovo (a me son venute fuori 4 frittatine).<\/p>\n<p>Fate tostare le mandorle e poi tritatele grossolanamente.\u00a0 In un recipiente, schiacciate la ricotta, poi aggiungete lo zucchero, le mandorle tostate e tritate e la cannella.<\/p>\n<p>Mettete un paio di cucchiai di composto di ricotta al centro di ogni frittatina e avvolgete per formare i cannelloni.\u00a0 Spolverate con dello zuccero a velo e decorate con del vincotto originale.<\/p>\n","protected":false},"excerpt":{"rendered":"<p>Scritto da Angela Siamo a Carnevale, una festivit\u00e0 che io adoro e che purtroppo qui a Matera non \u00e8 sentita e valorizzata come, invece dovrebbe essere.\u00a0 Soltanto qualche anno fa, quando io ero ancora adolescente, i Sassi di Matera furono invasi da maschere di ogni tipo, e in ogni angolo c&#8217;erano musicisti ed intrattenitori pronti [&hellip;]<\/p>\n","protected":false},"author":6,"featured_media":2372,"comment_status":"open","ping_status":"open","sticky":false,"template":"","format":"standard","meta":{"_lmt_disableupdate":"","_lmt_disable":"","_monsterinsights_skip_tracking":false,"_monsterinsights_sitenote_active":false,"_monsterinsights_sitenote_note":"","_monsterinsights_sitenote_category":0,"footnotes":""},"categories":[3],"tags":[],"yoast_head":"<!-- This site is optimized with the Yoast SEO plugin v22.0 - https:\/\/yoast.com\/wordpress\/plugins\/seo\/ -->\n<title>Cannelloni di Carnevale, ricetta tradizionale salentina - Sapori dei Sassi<\/title>\n<meta name=\"robots\" content=\"index, follow, max-snippet:-1, max-image-preview:large, max-video-preview:-1\" \/>\n<link rel=\"canonical\" href=\"https:\/\/www.saporideisassi.it\/blog\/cannelloni-di-carnevale-ricetta-tradizionale-salentina\/\" \/>\n<meta property=\"og:locale\" content=\"it_IT\" \/>\n<meta property=\"og:type\" content=\"article\" \/>\n<meta property=\"og:title\" content=\"Cannelloni di Carnevale, ricetta tradizionale salentina - Sapori dei Sassi\" \/>\n<meta property=\"og:description\" content=\"Scritto da Angela Siamo a Carnevale, una festivit\u00e0 che io adoro e che purtroppo qui a Matera non \u00e8 sentita e valorizzata come, invece dovrebbe essere.\u00a0 Soltanto qualche anno fa, quando io ero ancora adolescente, i Sassi di Matera furono invasi da maschere di ogni tipo, e in ogni angolo c&#8217;erano musicisti ed intrattenitori pronti [&hellip;]\" \/>\n<meta property=\"og:url\" content=\"https:\/\/www.saporideisassi.it\/blog\/cannelloni-di-carnevale-ricetta-tradizionale-salentina\/\" \/>\n<meta property=\"og:site_name\" content=\"Sapori dei Sassi\" \/>\n<meta property=\"article:publisher\" content=\"https:\/\/www.facebook.com\/saporideisassi\/\" \/>\n<meta property=\"article:published_time\" content=\"2011-02-21T07:50:03+00:00\" \/>\n<meta property=\"article:modified_time\" content=\"2018-05-16T10:30:58+00:00\" \/>\n<meta property=\"og:image\" content=\"https:\/\/www.saporideisassi.it\/blog\/wp-content\/uploads\/Cannelloni-taglio.jpg\" \/>\n\t<meta property=\"og:image:width\" content=\"426\" \/>\n\t<meta property=\"og:image:height\" content=\"289\" \/>\n\t<meta property=\"og:image:type\" content=\"image\/jpeg\" \/>\n<meta name=\"author\" content=\"Angela\" \/>\n<meta name=\"twitter:card\" content=\"summary_large_image\" \/>\n<meta name=\"twitter:creator\" content=\"@saporideisassi\" \/>\n<meta name=\"twitter:site\" content=\"@saporideisassi\" \/>\n<meta name=\"twitter:label1\" content=\"Scritto da\" \/>\n\t<meta name=\"twitter:data1\" content=\"Angela\" \/>\n\t<meta name=\"twitter:label2\" content=\"Tempo di lettura stimato\" \/>\n\t<meta name=\"twitter:data2\" content=\"2 minuti\" \/>\n<script type=\"application\/ld+json\" class=\"yoast-schema-graph\">{\"@context\":\"https:\/\/schema.org\",\"@graph\":[{\"@type\":\"Article\",\"@id\":\"https:\/\/www.saporideisassi.it\/blog\/cannelloni-di-carnevale-ricetta-tradizionale-salentina\/#article\",\"isPartOf\":{\"@id\":\"https:\/\/www.saporideisassi.it\/blog\/cannelloni-di-carnevale-ricetta-tradizionale-salentina\/\"},\"author\":{\"name\":\"Angela\",\"@id\":\"https:\/\/www.saporideisassi.it\/blog\/#\/schema\/person\/ed88a50948d4f189a97db6147cd459fc\"},\"headline\":\"Cannelloni di Carnevale, ricetta tradizionale salentina\",\"datePublished\":\"2011-02-21T07:50:03+00:00\",\"dateModified\":\"2018-05-16T10:30:58+00:00\",\"mainEntityOfPage\":{\"@id\":\"https:\/\/www.saporideisassi.it\/blog\/cannelloni-di-carnevale-ricetta-tradizionale-salentina\/\"},\"wordCount\":485,\"commentCount\":8,\"publisher\":{\"@id\":\"https:\/\/www.saporideisassi.it\/blog\/#organization\"},\"articleSection\":[\"Ricette\"],\"inLanguage\":\"it-IT\",\"potentialAction\":[{\"@type\":\"CommentAction\",\"name\":\"Comment\",\"target\":[\"https:\/\/www.saporideisassi.it\/blog\/cannelloni-di-carnevale-ricetta-tradizionale-salentina\/#respond\"]}]},{\"@type\":\"WebPage\",\"@id\":\"https:\/\/www.saporideisassi.it\/blog\/cannelloni-di-carnevale-ricetta-tradizionale-salentina\/\",\"url\":\"https:\/\/www.saporideisassi.it\/blog\/cannelloni-di-carnevale-ricetta-tradizionale-salentina\/\",\"name\":\"Cannelloni di Carnevale, ricetta tradizionale salentina - Sapori dei Sassi\",\"isPartOf\":{\"@id\":\"https:\/\/www.saporideisassi.it\/blog\/#website\"},\"datePublished\":\"2011-02-21T07:50:03+00:00\",\"dateModified\":\"2018-05-16T10:30:58+00:00\",\"breadcrumb\":{\"@id\":\"https:\/\/www.saporideisassi.it\/blog\/cannelloni-di-carnevale-ricetta-tradizionale-salentina\/#breadcrumb\"},\"inLanguage\":\"it-IT\",\"potentialAction\":[{\"@type\":\"ReadAction\",\"target\":[\"https:\/\/www.saporideisassi.it\/blog\/cannelloni-di-carnevale-ricetta-tradizionale-salentina\/\"]}]},{\"@type\":\"BreadcrumbList\",\"@id\":\"https:\/\/www.saporideisassi.it\/blog\/cannelloni-di-carnevale-ricetta-tradizionale-salentina\/#breadcrumb\",\"itemListElement\":[{\"@type\":\"ListItem\",\"position\":1,\"name\":\"Home\",\"item\":\"https:\/\/www.saporideisassi.it\/blog\/\"},{\"@type\":\"ListItem\",\"position\":2,\"name\":\"Cannelloni di Carnevale, ricetta tradizionale salentina\"}]},{\"@type\":\"WebSite\",\"@id\":\"https:\/\/www.saporideisassi.it\/blog\/#website\",\"url\":\"https:\/\/www.saporideisassi.it\/blog\/\",\"name\":\"Sapori dei Sassi\",\"description\":\"Raccontiamo la cultura eno-gastronomica\",\"publisher\":{\"@id\":\"https:\/\/www.saporideisassi.it\/blog\/#organization\"},\"potentialAction\":[{\"@type\":\"SearchAction\",\"target\":{\"@type\":\"EntryPoint\",\"urlTemplate\":\"https:\/\/www.saporideisassi.it\/blog\/?s={search_term_string}\"},\"query-input\":\"required name=search_term_string\"}],\"inLanguage\":\"it-IT\"},{\"@type\":\"Organization\",\"@id\":\"https:\/\/www.saporideisassi.it\/blog\/#organization\",\"name\":\"Sapori dei Sassi srl\",\"url\":\"https:\/\/www.saporideisassi.it\/blog\/\",\"logo\":{\"@type\":\"ImageObject\",\"inLanguage\":\"it-IT\",\"@id\":\"https:\/\/www.saporideisassi.it\/blog\/#\/schema\/logo\/image\/\",\"url\":\"https:\/\/www.saporideisassi.it\/blog\/wp-content\/uploads\/cropped-sapori-dei-sassi-logo-1622549037.png\",\"contentUrl\":\"https:\/\/www.saporideisassi.it\/blog\/wp-content\/uploads\/cropped-sapori-dei-sassi-logo-1622549037.png\",\"width\":213,\"height\":80,\"caption\":\"Sapori dei Sassi srl\"},\"image\":{\"@id\":\"https:\/\/www.saporideisassi.it\/blog\/#\/schema\/logo\/image\/\"},\"sameAs\":[\"https:\/\/www.facebook.com\/saporideisassi\/\",\"https:\/\/twitter.com\/saporideisassi\",\"https:\/\/www.instagram.com\/saporideisassi\/\",\"https:\/\/www.youtube.com\/user\/SaporideiSassi\"]},{\"@type\":\"Person\",\"@id\":\"https:\/\/www.saporideisassi.it\/blog\/#\/schema\/person\/ed88a50948d4f189a97db6147cd459fc\",\"name\":\"Angela\",\"image\":{\"@type\":\"ImageObject\",\"inLanguage\":\"it-IT\",\"@id\":\"https:\/\/www.saporideisassi.it\/blog\/#\/schema\/person\/image\/\",\"url\":\"https:\/\/secure.gravatar.com\/avatar\/c6029fb253196a948a5e1ab99a205ac4?s=96&d=mm&r=g\",\"contentUrl\":\"https:\/\/secure.gravatar.com\/avatar\/c6029fb253196a948a5e1ab99a205ac4?s=96&d=mm&r=g\",\"caption\":\"Angela\"},\"sameAs\":[\"https:\/\/www.saporideisassi.it\/blog\"],\"url\":\"https:\/\/www.saporideisassi.it\/blog\/author\/angela-b\/\"}]}<\/script>\n<!-- \/ Yoast SEO plugin. -->","yoast_head_json":{"title":"Cannelloni di Carnevale, ricetta tradizionale salentina - Sapori dei Sassi","robots":{"index":"index","follow":"follow","max-snippet":"max-snippet:-1","max-image-preview":"max-image-preview:large","max-video-preview":"max-video-preview:-1"},"canonical":"https:\/\/www.saporideisassi.it\/blog\/cannelloni-di-carnevale-ricetta-tradizionale-salentina\/","og_locale":"it_IT","og_type":"article","og_title":"Cannelloni di Carnevale, ricetta tradizionale salentina - Sapori dei Sassi","og_description":"Scritto da Angela Siamo a Carnevale, una festivit\u00e0 che io adoro e che purtroppo qui a Matera non \u00e8 sentita e valorizzata come, invece dovrebbe essere.\u00a0 Soltanto qualche anno fa, quando io ero ancora adolescente, i Sassi di Matera furono invasi da maschere di ogni tipo, e in ogni angolo c&#8217;erano musicisti ed intrattenitori pronti [&hellip;]","og_url":"https:\/\/www.saporideisassi.it\/blog\/cannelloni-di-carnevale-ricetta-tradizionale-salentina\/","og_site_name":"Sapori dei Sassi","article_publisher":"https:\/\/www.facebook.com\/saporideisassi\/","article_published_time":"2011-02-21T07:50:03+00:00","article_modified_time":"2018-05-16T10:30:58+00:00","og_image":[{"width":"426","height":"289","url":"https:\/\/www.saporideisassi.it\/blog\/wp-content\/uploads\/Cannelloni-taglio.jpg","type":"image\/jpeg"}],"author":"Angela","twitter_card":"summary_large_image","twitter_creator":"@saporideisassi","twitter_site":"@saporideisassi","twitter_misc":{"Scritto da":"Angela","Tempo di lettura stimato":"2 minuti"},"schema":{"@context":"https:\/\/schema.org","@graph":[{"@type":"Article","@id":"https:\/\/www.saporideisassi.it\/blog\/cannelloni-di-carnevale-ricetta-tradizionale-salentina\/#article","isPartOf":{"@id":"https:\/\/www.saporideisassi.it\/blog\/cannelloni-di-carnevale-ricetta-tradizionale-salentina\/"},"author":{"name":"Angela","@id":"https:\/\/www.saporideisassi.it\/blog\/#\/schema\/person\/ed88a50948d4f189a97db6147cd459fc"},"headline":"Cannelloni di Carnevale, ricetta tradizionale salentina","datePublished":"2011-02-21T07:50:03+00:00","dateModified":"2018-05-16T10:30:58+00:00","mainEntityOfPage":{"@id":"https:\/\/www.saporideisassi.it\/blog\/cannelloni-di-carnevale-ricetta-tradizionale-salentina\/"},"wordCount":485,"commentCount":8,"publisher":{"@id":"https:\/\/www.saporideisassi.it\/blog\/#organization"},"articleSection":["Ricette"],"inLanguage":"it-IT","potentialAction":[{"@type":"CommentAction","name":"Comment","target":["https:\/\/www.saporideisassi.it\/blog\/cannelloni-di-carnevale-ricetta-tradizionale-salentina\/#respond"]}]},{"@type":"WebPage","@id":"https:\/\/www.saporideisassi.it\/blog\/cannelloni-di-carnevale-ricetta-tradizionale-salentina\/","url":"https:\/\/www.saporideisassi.it\/blog\/cannelloni-di-carnevale-ricetta-tradizionale-salentina\/","name":"Cannelloni di Carnevale, ricetta tradizionale salentina - Sapori dei Sassi","isPartOf":{"@id":"https:\/\/www.saporideisassi.it\/blog\/#website"},"datePublished":"2011-02-21T07:50:03+00:00","dateModified":"2018-05-16T10:30:58+00:00","breadcrumb":{"@id":"https:\/\/www.saporideisassi.it\/blog\/cannelloni-di-carnevale-ricetta-tradizionale-salentina\/#breadcrumb"},"inLanguage":"it-IT","potentialAction":[{"@type":"ReadAction","target":["https:\/\/www.saporideisassi.it\/blog\/cannelloni-di-carnevale-ricetta-tradizionale-salentina\/"]}]},{"@type":"BreadcrumbList","@id":"https:\/\/www.saporideisassi.it\/blog\/cannelloni-di-carnevale-ricetta-tradizionale-salentina\/#breadcrumb","itemListElement":[{"@type":"ListItem","position":1,"name":"Home","item":"https:\/\/www.saporideisassi.it\/blog\/"},{"@type":"ListItem","position":2,"name":"Cannelloni di Carnevale, ricetta tradizionale salentina"}]},{"@type":"WebSite","@id":"https:\/\/www.saporideisassi.it\/blog\/#website","url":"https:\/\/www.saporideisassi.it\/blog\/","name":"Sapori dei Sassi","description":"Raccontiamo la cultura eno-gastronomica","publisher":{"@id":"https:\/\/www.saporideisassi.it\/blog\/#organization"},"potentialAction":[{"@type":"SearchAction","target":{"@type":"EntryPoint","urlTemplate":"https:\/\/www.saporideisassi.it\/blog\/?s={search_term_string}"},"query-input":"required name=search_term_string"}],"inLanguage":"it-IT"},{"@type":"Organization","@id":"https:\/\/www.saporideisassi.it\/blog\/#organization","name":"Sapori dei Sassi srl","url":"https:\/\/www.saporideisassi.it\/blog\/","logo":{"@type":"ImageObject","inLanguage":"it-IT","@id":"https:\/\/www.saporideisassi.it\/blog\/#\/schema\/logo\/image\/","url":"https:\/\/www.saporideisassi.it\/blog\/wp-content\/uploads\/cropped-sapori-dei-sassi-logo-1622549037.png","contentUrl":"https:\/\/www.saporideisassi.it\/blog\/wp-content\/uploads\/cropped-sapori-dei-sassi-logo-1622549037.png","width":213,"height":80,"caption":"Sapori dei Sassi srl"},"image":{"@id":"https:\/\/www.saporideisassi.it\/blog\/#\/schema\/logo\/image\/"},"sameAs":["https:\/\/www.facebook.com\/saporideisassi\/","https:\/\/twitter.com\/saporideisassi","https:\/\/www.instagram.com\/saporideisassi\/","https:\/\/www.youtube.com\/user\/SaporideiSassi"]},{"@type":"Person","@id":"https:\/\/www.saporideisassi.it\/blog\/#\/schema\/person\/ed88a50948d4f189a97db6147cd459fc","name":"Angela","image":{"@type":"ImageObject","inLanguage":"it-IT","@id":"https:\/\/www.saporideisassi.it\/blog\/#\/schema\/person\/image\/","url":"https:\/\/secure.gravatar.com\/avatar\/c6029fb253196a948a5e1ab99a205ac4?s=96&d=mm&r=g","contentUrl":"https:\/\/secure.gravatar.com\/avatar\/c6029fb253196a948a5e1ab99a205ac4?s=96&d=mm&r=g","caption":"Angela"},"sameAs":["https:\/\/www.saporideisassi.it\/blog"],"url":"https:\/\/www.saporideisassi.it\/blog\/author\/angela-b\/"}]}},"modified_by":"Giuseppe","_links":{"self":[{"href":"https:\/\/www.saporideisassi.it\/blog\/wp-json\/wp\/v2\/posts\/2360"}],"collection":[{"href":"https:\/\/www.saporideisassi.it\/blog\/wp-json\/wp\/v2\/posts"}],"about":[{"href":"https:\/\/www.saporideisassi.it\/blog\/wp-json\/wp\/v2\/types\/post"}],"author":[{"embeddable":true,"href":"https:\/\/www.saporideisassi.it\/blog\/wp-json\/wp\/v2\/users\/6"}],"replies":[{"embeddable":true,"href":"https:\/\/www.saporideisassi.it\/blog\/wp-json\/wp\/v2\/comments?post=2360"}],"version-history":[{"count":20,"href":"https:\/\/www.saporideisassi.it\/blog\/wp-json\/wp\/v2\/posts\/2360\/revisions"}],"predecessor-version":[{"id":6526,"href":"https:\/\/www.saporideisassi.it\/blog\/wp-json\/wp\/v2\/posts\/2360\/revisions\/6526"}],"wp:featuredmedia":[{"embeddable":true,"href":"https:\/\/www.saporideisassi.it\/blog\/wp-json\/wp\/v2\/media\/2372"}],"wp:attachment":[{"href":"https:\/\/www.saporideisassi.it\/blog\/wp-json\/wp\/v2\/media?parent=2360"}],"wp:term":[{"taxonomy":"category","embeddable":true,"href":"https:\/\/www.saporideisassi.it\/blog\/wp-json\/wp\/v2\/categories?post=2360"},{"taxonomy":"post_tag","embeddable":true,"href":"https:\/\/www.saporideisassi.it\/blog\/wp-json\/wp\/v2\/tags?post=2360"}],"curies":[{"name":"wp","href":"https:\/\/api.w.org\/{rel}","templated":true}]}}