{"id":3996,"date":"2012-02-29T08:00:10","date_gmt":"2012-02-29T07:00:10","guid":{"rendered":"https:\/\/www.saporideisassi.it\/blog\/?p=3996"},"modified":"2018-05-15T18:09:10","modified_gmt":"2018-05-15T16:09:10","slug":"quiche-con-zucchine-speck-e-provola-affumicata","status":"publish","type":"post","link":"https:\/\/www.saporideisassi.it\/blog\/quiche-con-zucchine-speck-e-provola-affumicata\/","title":{"rendered":"Quiche con zucchine, speck e provola affumicata"},"content":{"rendered":"<p><span style=\"color: #333333;\"><em><img fetchpriority=\"high\" decoding=\"async\" class=\"alignleft size-full wp-image-3997\" title=\"Quiche-zucchine-speck-provola-affumicata\" src=\"https:\/\/www.saporideisassi.it\/blog\/wp-content\/uploads\/blog.jpg\" alt=\"blog\" width=\"546\" height=\"819\" srcset=\"https:\/\/www.saporideisassi.it\/blog\/wp-content\/uploads\/blog.jpg 683w, https:\/\/www.saporideisassi.it\/blog\/wp-content\/uploads\/blog-200x300.jpg 200w\" sizes=\"(max-width: 546px) 100vw, 546px\" \/>Scritto da <span style=\"text-decoration: underline;\">Angela<\/span><\/em><\/span><\/p>\n<p>Le <strong>torte salate<\/strong> sono sicuramente una delle mie passioni.\u00a0 E, sicuramente, una di quelle ricette in cui puoi variare sempre gli ingredienti sperimentando sempre sapori nuovi, con la sicurezza di preparare sempre qualcosa di gradito.<\/p>\n<p>E poi, la <strong>quiche<\/strong>, \u00e8 talmente versatile che la si pu\u00f2 servire per qualsiasi momento del pasto: si possono fare delle mini-tartellette da servire come spuntino o come aperitivo, o per sostituire un pasto intero se aggiungi ingredienti sostanziosi, o anche come contorno.<\/p>\n<p>Oggi vi propongo una versione con ingredienti facilmente reperibili per la torta salata con zucchine e speck:<\/p>\n<p>ditemi chi non ha sempre in casa due zucchine e un po&#8217; di speck! E poi c&#8217;\u00e8 la <strong>provola affumicata<\/strong> che, attenzione, dev&#8217;essere di ottima qualit\u00e0 perch\u00e9 l&#8217;affumicatura dev&#8217;essere presente ma <span style=\"text-decoration: underline;\">delicata<\/span>, altrimenti vi stancher\u00e0 dopo la prima fetta.\u00a0 E, comunque, la provola potete sostituirla con un&#8217;ottima <a href=\"https:\/\/www.saporideisassi.it\/latticini-freschi\/259-scamorza-fresca.html\"><strong>scamorza pugliese<\/strong><\/a> o con la <a href=\"https:\/\/www.saporideisassi.it\/latticini-freschi\/260-treccia-di-mozzarella.html\"><strong>treccia<\/strong><\/a>.<\/p>\n<p>Insomma, sbizzarritevi con gli ingredienti della vostra quiche!<\/p>\n<p><strong>QUICHE CON ZUCCHINE, SPECK E PROVOLA AFFUMICATA<\/strong><\/p>\n<p><em><span style=\"text-decoration: underline;\">Ingredienti<\/span><\/em> (tortiera da 23,5 cm &#8211; 4\/5 persone):<\/p>\n<p><em>Per la pasta Bris\u00e9e<\/em> (di Donna Hay):<br \/>\n250 gr di farina 00<br \/>\n145 gr di burro<br \/>\n3 cucchiai di acqua gelata<\/p>\n<p><em>Per il ripieno<\/em>:<br \/>\n2 zucchine medio-grandi<br \/>\n100 gr di speck dell&#8217;Alto Adige IGP<br \/>\n100 gr di <a href=\"https:\/\/www.saporideisassi.it\/latticini-freschi\/276-scamorza-affumicata.html\"><strong>provola affumicata<\/strong><\/a><br \/>\n50 gr circa di burro (per cuocere le zucchine)<br \/>\n1\/2 scalogno<br \/>\n2 uova<br \/>\n2 dl di panna fresca<br \/>\n1 cucchiaio di pecorino grattugiato<br \/>\nsale e pepe q.b.<\/p>\n<p><span style=\"text-decoration: underline;\"><em>Procedimento torta salata zucchine e speck<\/em><\/span>:<\/p>\n<p>Preparate la pasta bris\u00e9e.\u00a0 Mettete la farina ed il burro a pezzetti in un robot da cucina e azionatelo a scatti, in modo da creare un composto sbriciolato senza farlo surriscaldare.\u00a0 Versate i tre cucchiai di acqua gelata ed azionate nuovamente il robot da cucina fino ad ottenere un impasto omogeneo.\u00a0 Prendete il composto dal robot da cucina e lavoratelo lievemente a mano per renderlo ancora pi\u00f9 liscio, poi avvolgetelo nella carta da forno e, servendovi di un mattarello, schiacciatelo leggermente creando una sorta di mattonella.\u00a0 Lasciate riposare l&#8217;impasto in frigo per almeno un paio d&#8217;ore: avendo conservato l&#8217;impasto a mattonella, l&#8217;impasto raggiunger\u00e0 pi\u00f9 facilmente una temperatura costante; creando invece una palla, l&#8217;impasto rimarrebbe sempre pi\u00f9 caldo nella parte centrale.<\/p>\n<p>Preriscaldate il forno a 180\u00b0C.<\/p>\n<p>Trascorso il tempo di riposo, su una spianatoia lavorate lievemente l&#8217;impasto per renderlo pi\u00f9 modellabile e, con un mattarello, stendete una sfoglia di circa 3-4 mm di spessore.\u00a0 Rivestite l&#8217;interno di uno stampo di ceramica da 23,5 cm precedentemente imburrato, tagliate dai bordi l&#8217;impasto in eccesso, bucherellate il fondo con una forchetta e cuocete in bianco per 10 minuti a 180\u00b0C.\u00a0 Togliete il guscio di bris\u00e9e dal forno ed abbassate la temperatura a 160\u00b0C.\u00a0 Togliete dal guscio i legumi che avete utilizzato per la cottura in bianco e lasciatelo raffreddare completamente.<\/p>\n<p>Nel frattempo, preparate il ripieno.\u00a0 In una casseruola, fate sciogliere il burro e fate soffriggere lo scalogno tagliato molto finemente.\u00a0 Aggiungete ora le zucchine precedentemente tagliate a dadini e fate ammorbidire per 5 minuti.\u00a0 Aggiungete lo speck tagliato a striscioline larghe ma sottili e fate saltare in padella insieme alle zucchine per altri cinque minuti.\u00a0 Togliete dal fuoco e scolate il composto di zucchine e speck per eliminare il burro fuso in eccesso che avete utilizzato per la cottura.\u00a0 Unite alle zucchiene ed allo speck anche la provola affumicata tagliata a dadini molto piccoli e mescolate.<\/p>\n<p>In una ciotola ampia, sbattete le uova e unite la panna fresca. Regolate di sale e pepe.\u00a0 Distribuite il pecorino grattugiato sul fondo del guscio di pasta bris\u00e9e e versate le zucchine con lo speck e la provola affumicata a dadini.\u00a0 Distribuite uniformemente e, infine, versate il composto di uova e panna .\u00a0 Infornate a 160\u00b0C per 40 minuti circa, o comunque fino a quando la superficie non risulter\u00e0 dorata e la panna si sar\u00e0 rappresa.<\/p>\n<p>Non servite appena sfornata: lasciate compattare la quiche in modo tale che sar\u00e0 anche pi\u00f9 facile tagliarla.\u00a0 Servitela tiepida ma \u00e8 buonissima anche fredda.<\/p>\n","protected":false},"excerpt":{"rendered":"<p>Scritto da Angela Le torte salate sono sicuramente una delle mie passioni.\u00a0 E, sicuramente, una di quelle ricette in cui puoi variare sempre gli ingredienti sperimentando sempre sapori nuovi, con la sicurezza di preparare sempre qualcosa di gradito. E poi, la quiche, \u00e8 talmente versatile che la si pu\u00f2 servire per qualsiasi momento del pasto: [&hellip;]<\/p>\n","protected":false},"author":6,"featured_media":4007,"comment_status":"open","ping_status":"open","sticky":false,"template":"","format":"standard","meta":{"_lmt_disableupdate":"","_lmt_disable":"","_monsterinsights_skip_tracking":false,"_monsterinsights_sitenote_active":false,"_monsterinsights_sitenote_note":"","_monsterinsights_sitenote_category":0,"footnotes":""},"categories":[3],"tags":[],"yoast_head":"<!-- This site is optimized with the Yoast SEO plugin v22.0 - https:\/\/yoast.com\/wordpress\/plugins\/seo\/ -->\n<title>Quiche con zucchine, speck e provola affumicata - Sapori dei Sassi<\/title>\n<meta name=\"robots\" content=\"index, follow, max-snippet:-1, max-image-preview:large, max-video-preview:-1\" \/>\n<link rel=\"canonical\" href=\"https:\/\/www.saporideisassi.it\/blog\/quiche-con-zucchine-speck-e-provola-affumicata\/\" \/>\n<meta property=\"og:locale\" content=\"it_IT\" \/>\n<meta property=\"og:type\" content=\"article\" \/>\n<meta property=\"og:title\" content=\"Quiche con zucchine, speck e provola affumicata - Sapori dei Sassi\" \/>\n<meta property=\"og:description\" content=\"Scritto da Angela Le torte salate sono sicuramente una delle mie passioni.\u00a0 E, sicuramente, una di quelle ricette in cui puoi variare sempre gli ingredienti sperimentando sempre sapori nuovi, con la sicurezza di preparare sempre qualcosa di gradito. E poi, la quiche, \u00e8 talmente versatile che la si pu\u00f2 servire per qualsiasi momento del pasto: [&hellip;]\" \/>\n<meta property=\"og:url\" content=\"https:\/\/www.saporideisassi.it\/blog\/quiche-con-zucchine-speck-e-provola-affumicata\/\" \/>\n<meta property=\"og:site_name\" content=\"Sapori dei Sassi\" \/>\n<meta property=\"article:publisher\" content=\"https:\/\/www.facebook.com\/saporideisassi\/\" \/>\n<meta property=\"article:published_time\" content=\"2012-02-29T07:00:10+00:00\" \/>\n<meta property=\"article:modified_time\" content=\"2018-05-15T16:09:10+00:00\" \/>\n<meta property=\"og:image\" content=\"https:\/\/www.saporideisassi.it\/blog\/wp-content\/uploads\/taglio21.jpg\" \/>\n\t<meta property=\"og:image:width\" content=\"608\" \/>\n\t<meta property=\"og:image:height\" content=\"420\" \/>\n\t<meta property=\"og:image:type\" content=\"image\/jpeg\" \/>\n<meta name=\"author\" content=\"Angela\" \/>\n<meta name=\"twitter:card\" content=\"summary_large_image\" \/>\n<meta name=\"twitter:creator\" content=\"@saporideisassi\" \/>\n<meta name=\"twitter:site\" content=\"@saporideisassi\" \/>\n<meta name=\"twitter:label1\" content=\"Scritto da\" \/>\n\t<meta name=\"twitter:data1\" content=\"Angela\" \/>\n\t<meta name=\"twitter:label2\" content=\"Tempo di lettura stimato\" \/>\n\t<meta name=\"twitter:data2\" content=\"3 minuti\" \/>\n<script type=\"application\/ld+json\" class=\"yoast-schema-graph\">{\"@context\":\"https:\/\/schema.org\",\"@graph\":[{\"@type\":\"Article\",\"@id\":\"https:\/\/www.saporideisassi.it\/blog\/quiche-con-zucchine-speck-e-provola-affumicata\/#article\",\"isPartOf\":{\"@id\":\"https:\/\/www.saporideisassi.it\/blog\/quiche-con-zucchine-speck-e-provola-affumicata\/\"},\"author\":{\"name\":\"Angela\",\"@id\":\"https:\/\/www.saporideisassi.it\/blog\/#\/schema\/person\/ed88a50948d4f189a97db6147cd459fc\"},\"headline\":\"Quiche con zucchine, speck e provola affumicata\",\"datePublished\":\"2012-02-29T07:00:10+00:00\",\"dateModified\":\"2018-05-15T16:09:10+00:00\",\"mainEntityOfPage\":{\"@id\":\"https:\/\/www.saporideisassi.it\/blog\/quiche-con-zucchine-speck-e-provola-affumicata\/\"},\"wordCount\":649,\"commentCount\":7,\"publisher\":{\"@id\":\"https:\/\/www.saporideisassi.it\/blog\/#organization\"},\"articleSection\":[\"Ricette\"],\"inLanguage\":\"it-IT\",\"potentialAction\":[{\"@type\":\"CommentAction\",\"name\":\"Comment\",\"target\":[\"https:\/\/www.saporideisassi.it\/blog\/quiche-con-zucchine-speck-e-provola-affumicata\/#respond\"]}]},{\"@type\":\"WebPage\",\"@id\":\"https:\/\/www.saporideisassi.it\/blog\/quiche-con-zucchine-speck-e-provola-affumicata\/\",\"url\":\"https:\/\/www.saporideisassi.it\/blog\/quiche-con-zucchine-speck-e-provola-affumicata\/\",\"name\":\"Quiche con zucchine, speck e provola affumicata - Sapori dei Sassi\",\"isPartOf\":{\"@id\":\"https:\/\/www.saporideisassi.it\/blog\/#website\"},\"datePublished\":\"2012-02-29T07:00:10+00:00\",\"dateModified\":\"2018-05-15T16:09:10+00:00\",\"breadcrumb\":{\"@id\":\"https:\/\/www.saporideisassi.it\/blog\/quiche-con-zucchine-speck-e-provola-affumicata\/#breadcrumb\"},\"inLanguage\":\"it-IT\",\"potentialAction\":[{\"@type\":\"ReadAction\",\"target\":[\"https:\/\/www.saporideisassi.it\/blog\/quiche-con-zucchine-speck-e-provola-affumicata\/\"]}]},{\"@type\":\"BreadcrumbList\",\"@id\":\"https:\/\/www.saporideisassi.it\/blog\/quiche-con-zucchine-speck-e-provola-affumicata\/#breadcrumb\",\"itemListElement\":[{\"@type\":\"ListItem\",\"position\":1,\"name\":\"Home\",\"item\":\"https:\/\/www.saporideisassi.it\/blog\/\"},{\"@type\":\"ListItem\",\"position\":2,\"name\":\"Quiche con zucchine, speck e provola affumicata\"}]},{\"@type\":\"WebSite\",\"@id\":\"https:\/\/www.saporideisassi.it\/blog\/#website\",\"url\":\"https:\/\/www.saporideisassi.it\/blog\/\",\"name\":\"Sapori dei Sassi\",\"description\":\"Raccontiamo la cultura eno-gastronomica\",\"publisher\":{\"@id\":\"https:\/\/www.saporideisassi.it\/blog\/#organization\"},\"potentialAction\":[{\"@type\":\"SearchAction\",\"target\":{\"@type\":\"EntryPoint\",\"urlTemplate\":\"https:\/\/www.saporideisassi.it\/blog\/?s={search_term_string}\"},\"query-input\":\"required name=search_term_string\"}],\"inLanguage\":\"it-IT\"},{\"@type\":\"Organization\",\"@id\":\"https:\/\/www.saporideisassi.it\/blog\/#organization\",\"name\":\"Sapori dei Sassi srl\",\"url\":\"https:\/\/www.saporideisassi.it\/blog\/\",\"logo\":{\"@type\":\"ImageObject\",\"inLanguage\":\"it-IT\",\"@id\":\"https:\/\/www.saporideisassi.it\/blog\/#\/schema\/logo\/image\/\",\"url\":\"https:\/\/www.saporideisassi.it\/blog\/wp-content\/uploads\/cropped-sapori-dei-sassi-logo-1622549037.png\",\"contentUrl\":\"https:\/\/www.saporideisassi.it\/blog\/wp-content\/uploads\/cropped-sapori-dei-sassi-logo-1622549037.png\",\"width\":213,\"height\":80,\"caption\":\"Sapori dei Sassi srl\"},\"image\":{\"@id\":\"https:\/\/www.saporideisassi.it\/blog\/#\/schema\/logo\/image\/\"},\"sameAs\":[\"https:\/\/www.facebook.com\/saporideisassi\/\",\"https:\/\/twitter.com\/saporideisassi\",\"https:\/\/www.instagram.com\/saporideisassi\/\",\"https:\/\/www.youtube.com\/user\/SaporideiSassi\"]},{\"@type\":\"Person\",\"@id\":\"https:\/\/www.saporideisassi.it\/blog\/#\/schema\/person\/ed88a50948d4f189a97db6147cd459fc\",\"name\":\"Angela\",\"image\":{\"@type\":\"ImageObject\",\"inLanguage\":\"it-IT\",\"@id\":\"https:\/\/www.saporideisassi.it\/blog\/#\/schema\/person\/image\/\",\"url\":\"https:\/\/secure.gravatar.com\/avatar\/c6029fb253196a948a5e1ab99a205ac4?s=96&d=mm&r=g\",\"contentUrl\":\"https:\/\/secure.gravatar.com\/avatar\/c6029fb253196a948a5e1ab99a205ac4?s=96&d=mm&r=g\",\"caption\":\"Angela\"},\"sameAs\":[\"https:\/\/www.saporideisassi.it\/blog\"],\"url\":\"https:\/\/www.saporideisassi.it\/blog\/author\/angela-b\/\"}]}<\/script>\n<!-- \/ Yoast SEO plugin. -->","yoast_head_json":{"title":"Quiche con zucchine, speck e provola affumicata - Sapori dei Sassi","robots":{"index":"index","follow":"follow","max-snippet":"max-snippet:-1","max-image-preview":"max-image-preview:large","max-video-preview":"max-video-preview:-1"},"canonical":"https:\/\/www.saporideisassi.it\/blog\/quiche-con-zucchine-speck-e-provola-affumicata\/","og_locale":"it_IT","og_type":"article","og_title":"Quiche con zucchine, speck e provola affumicata - Sapori dei Sassi","og_description":"Scritto da Angela Le torte salate sono sicuramente una delle mie passioni.\u00a0 E, sicuramente, una di quelle ricette in cui puoi variare sempre gli ingredienti sperimentando sempre sapori nuovi, con la sicurezza di preparare sempre qualcosa di gradito. E poi, la quiche, \u00e8 talmente versatile che la si pu\u00f2 servire per qualsiasi momento del pasto: [&hellip;]","og_url":"https:\/\/www.saporideisassi.it\/blog\/quiche-con-zucchine-speck-e-provola-affumicata\/","og_site_name":"Sapori dei Sassi","article_publisher":"https:\/\/www.facebook.com\/saporideisassi\/","article_published_time":"2012-02-29T07:00:10+00:00","article_modified_time":"2018-05-15T16:09:10+00:00","og_image":[{"width":"608","height":"420","url":"https:\/\/www.saporideisassi.it\/blog\/wp-content\/uploads\/taglio21.jpg","type":"image\/jpeg"}],"author":"Angela","twitter_card":"summary_large_image","twitter_creator":"@saporideisassi","twitter_site":"@saporideisassi","twitter_misc":{"Scritto da":"Angela","Tempo di lettura stimato":"3 minuti"},"schema":{"@context":"https:\/\/schema.org","@graph":[{"@type":"Article","@id":"https:\/\/www.saporideisassi.it\/blog\/quiche-con-zucchine-speck-e-provola-affumicata\/#article","isPartOf":{"@id":"https:\/\/www.saporideisassi.it\/blog\/quiche-con-zucchine-speck-e-provola-affumicata\/"},"author":{"name":"Angela","@id":"https:\/\/www.saporideisassi.it\/blog\/#\/schema\/person\/ed88a50948d4f189a97db6147cd459fc"},"headline":"Quiche con zucchine, speck e provola affumicata","datePublished":"2012-02-29T07:00:10+00:00","dateModified":"2018-05-15T16:09:10+00:00","mainEntityOfPage":{"@id":"https:\/\/www.saporideisassi.it\/blog\/quiche-con-zucchine-speck-e-provola-affumicata\/"},"wordCount":649,"commentCount":7,"publisher":{"@id":"https:\/\/www.saporideisassi.it\/blog\/#organization"},"articleSection":["Ricette"],"inLanguage":"it-IT","potentialAction":[{"@type":"CommentAction","name":"Comment","target":["https:\/\/www.saporideisassi.it\/blog\/quiche-con-zucchine-speck-e-provola-affumicata\/#respond"]}]},{"@type":"WebPage","@id":"https:\/\/www.saporideisassi.it\/blog\/quiche-con-zucchine-speck-e-provola-affumicata\/","url":"https:\/\/www.saporideisassi.it\/blog\/quiche-con-zucchine-speck-e-provola-affumicata\/","name":"Quiche con zucchine, speck e provola affumicata - Sapori dei Sassi","isPartOf":{"@id":"https:\/\/www.saporideisassi.it\/blog\/#website"},"datePublished":"2012-02-29T07:00:10+00:00","dateModified":"2018-05-15T16:09:10+00:00","breadcrumb":{"@id":"https:\/\/www.saporideisassi.it\/blog\/quiche-con-zucchine-speck-e-provola-affumicata\/#breadcrumb"},"inLanguage":"it-IT","potentialAction":[{"@type":"ReadAction","target":["https:\/\/www.saporideisassi.it\/blog\/quiche-con-zucchine-speck-e-provola-affumicata\/"]}]},{"@type":"BreadcrumbList","@id":"https:\/\/www.saporideisassi.it\/blog\/quiche-con-zucchine-speck-e-provola-affumicata\/#breadcrumb","itemListElement":[{"@type":"ListItem","position":1,"name":"Home","item":"https:\/\/www.saporideisassi.it\/blog\/"},{"@type":"ListItem","position":2,"name":"Quiche con zucchine, speck e provola affumicata"}]},{"@type":"WebSite","@id":"https:\/\/www.saporideisassi.it\/blog\/#website","url":"https:\/\/www.saporideisassi.it\/blog\/","name":"Sapori dei Sassi","description":"Raccontiamo la cultura eno-gastronomica","publisher":{"@id":"https:\/\/www.saporideisassi.it\/blog\/#organization"},"potentialAction":[{"@type":"SearchAction","target":{"@type":"EntryPoint","urlTemplate":"https:\/\/www.saporideisassi.it\/blog\/?s={search_term_string}"},"query-input":"required name=search_term_string"}],"inLanguage":"it-IT"},{"@type":"Organization","@id":"https:\/\/www.saporideisassi.it\/blog\/#organization","name":"Sapori dei Sassi srl","url":"https:\/\/www.saporideisassi.it\/blog\/","logo":{"@type":"ImageObject","inLanguage":"it-IT","@id":"https:\/\/www.saporideisassi.it\/blog\/#\/schema\/logo\/image\/","url":"https:\/\/www.saporideisassi.it\/blog\/wp-content\/uploads\/cropped-sapori-dei-sassi-logo-1622549037.png","contentUrl":"https:\/\/www.saporideisassi.it\/blog\/wp-content\/uploads\/cropped-sapori-dei-sassi-logo-1622549037.png","width":213,"height":80,"caption":"Sapori dei Sassi srl"},"image":{"@id":"https:\/\/www.saporideisassi.it\/blog\/#\/schema\/logo\/image\/"},"sameAs":["https:\/\/www.facebook.com\/saporideisassi\/","https:\/\/twitter.com\/saporideisassi","https:\/\/www.instagram.com\/saporideisassi\/","https:\/\/www.youtube.com\/user\/SaporideiSassi"]},{"@type":"Person","@id":"https:\/\/www.saporideisassi.it\/blog\/#\/schema\/person\/ed88a50948d4f189a97db6147cd459fc","name":"Angela","image":{"@type":"ImageObject","inLanguage":"it-IT","@id":"https:\/\/www.saporideisassi.it\/blog\/#\/schema\/person\/image\/","url":"https:\/\/secure.gravatar.com\/avatar\/c6029fb253196a948a5e1ab99a205ac4?s=96&d=mm&r=g","contentUrl":"https:\/\/secure.gravatar.com\/avatar\/c6029fb253196a948a5e1ab99a205ac4?s=96&d=mm&r=g","caption":"Angela"},"sameAs":["https:\/\/www.saporideisassi.it\/blog"],"url":"https:\/\/www.saporideisassi.it\/blog\/author\/angela-b\/"}]}},"modified_by":null,"_links":{"self":[{"href":"https:\/\/www.saporideisassi.it\/blog\/wp-json\/wp\/v2\/posts\/3996"}],"collection":[{"href":"https:\/\/www.saporideisassi.it\/blog\/wp-json\/wp\/v2\/posts"}],"about":[{"href":"https:\/\/www.saporideisassi.it\/blog\/wp-json\/wp\/v2\/types\/post"}],"author":[{"embeddable":true,"href":"https:\/\/www.saporideisassi.it\/blog\/wp-json\/wp\/v2\/users\/6"}],"replies":[{"embeddable":true,"href":"https:\/\/www.saporideisassi.it\/blog\/wp-json\/wp\/v2\/comments?post=3996"}],"version-history":[{"count":15,"href":"https:\/\/www.saporideisassi.it\/blog\/wp-json\/wp\/v2\/posts\/3996\/revisions"}],"predecessor-version":[{"id":5692,"href":"https:\/\/www.saporideisassi.it\/blog\/wp-json\/wp\/v2\/posts\/3996\/revisions\/5692"}],"wp:featuredmedia":[{"embeddable":true,"href":"https:\/\/www.saporideisassi.it\/blog\/wp-json\/wp\/v2\/media\/4007"}],"wp:attachment":[{"href":"https:\/\/www.saporideisassi.it\/blog\/wp-json\/wp\/v2\/media?parent=3996"}],"wp:term":[{"taxonomy":"category","embeddable":true,"href":"https:\/\/www.saporideisassi.it\/blog\/wp-json\/wp\/v2\/categories?post=3996"},{"taxonomy":"post_tag","embeddable":true,"href":"https:\/\/www.saporideisassi.it\/blog\/wp-json\/wp\/v2\/tags?post=3996"}],"curies":[{"name":"wp","href":"https:\/\/api.w.org\/{rel}","templated":true}]}}