{"id":4561,"date":"2012-12-19T08:00:56","date_gmt":"2012-12-19T07:00:56","guid":{"rendered":"https:\/\/www.saporideisassi.it\/blog\/?p=4561"},"modified":"2018-05-16T12:10:18","modified_gmt":"2018-05-16T10:10:18","slug":"pettole-salate-acciughe-oliv","status":"publish","type":"post","link":"https:\/\/www.saporideisassi.it\/blog\/pettole-salate-acciughe-oliv\/","title":{"rendered":"Pettole salate, con Acciughe ed Olive"},"content":{"rendered":"<p><span style=\"color: #333333;\"><em>Scritto da <span style=\"text-decoration: underline;\">Angela<\/span><\/em><\/span><\/p>\n<p>E siamo in pieno periodo natalizio e, in due regioni fortemente legate alle loro tradizioni enogastronomiche come la Basilicata e la Puglia, non possono mancare le famigerate Pettole.\u00a0 Vi ho gi\u00e0 dato la mia <strong><a href=\"https:\/\/www.saporideisassi.it\/blog\/sapori-dei-sassi\/le-pettole-profumo-di-natale\/\">Ricetta delle Pettole<\/a> <\/strong>ben tre anni fa&#8217; (&#8216;mmazza come vola il tempo!).<\/p>\n<p>Vi ho dato la ricetta base delle pettole, senza aggiunte, anche se vi ho detto che molto spesso le rendiamo &#8220;dolci&#8221; cospargendole di zucchero.<br \/>\nOggi, invece, vi voglio presentare una variante &#8220;<strong>salata<\/strong>&#8221; delle pettole, molto pi\u00f9 tipica delle zone costiere pugliesi, con le Acciughe e le olive nere.\u00a0 E&#8217; facile capire il perch\u00e9 non \u00e8 una variante tipicamente lucana: la Basilicata non \u00e8 propriamente &#8220;terra di mare&#8221;, \u00e8 prevalentemente montuosa e collinare e, ovviamente, la conformazione del territorio ha fortemente influenzato la tradizione gastronomica della mia regione.<\/p>\n<p>Come si fanno queste Pettole pugliesi salate? Nella ricetta pettole salate semplicemente, aggiungete all&#8217;impasto non ancora lievitato delle acciughe o <a href=\"https:\/\/www.saporideisassi.it\/conserve-ittiche\/754-filetti-di-alici-250-gr.html\"><strong>filetti di alici<\/strong><\/a> ed olive nere tagliate a pezzetti.\u00a0 E poi, procedete come descritto nella ricetta.\u00a0 Qual \u00e8 il risultato? Beh, giudicate voi stessi&#8230;<\/p>\n<p style=\"text-align: center;\"><img fetchpriority=\"high\" decoding=\"async\" class=\"aligncenter size-full wp-image-4562\" title=\"Pettole salate con Acciughe e olive nere\" src=\"https:\/\/www.saporideisassi.it\/blog\/wp-content\/uploads\/Pettole_salate2.jpg\" alt=\"Pettole_salate2\" width=\"613\" height=\"920\" srcset=\"https:\/\/www.saporideisassi.it\/blog\/wp-content\/uploads\/Pettole_salate2.jpg 681w, https:\/\/www.saporideisassi.it\/blog\/wp-content\/uploads\/Pettole_salate2-199x300.jpg 199w\" sizes=\"(max-width: 613px) 100vw, 613px\" \/><\/p>\n<p style=\"text-align: left;\">Che dire, non vi fate mancare le pettole a Natale.\u00a0 Preparatene in tutte le versioni e farete un figurone.<br \/>\nE con le Pettole auguro a tutti voi un <strong>Sereno Natale<\/strong> e <strong>Felice 2013<\/strong>!<\/p>\n<p style=\"text-align: left;\"><em>Per restare sempre aggiornato sui temi dell\u2019enogastronomia del Sud Italia, puoi seguirci su <strong><a title=\"Seguici su Twitter per tutte le ultime news\" href=\"http:\/\/www.twitter.com\/SaporiDeiSassi\" rel=\"nofollow\">Twitter<\/a><\/strong> e su <strong><a title=\"Fai like su Facebook per tutte le ultime news\" href=\"https:\/\/www.facebook.com\/pages\/Sapori-dei-Sassi\/309397232747\" rel=\"nofollow\">Facebook<\/a><\/strong><\/em><\/p>\n","protected":false},"excerpt":{"rendered":"<p>Scritto da Angela E siamo in pieno periodo natalizio e, in due regioni fortemente legate alle loro tradizioni enogastronomiche come la Basilicata e la Puglia, non possono mancare le famigerate Pettole.\u00a0 Vi ho gi\u00e0 dato la mia Ricetta delle Pettole ben tre anni fa&#8217; (&#8216;mmazza come vola il tempo!). Vi ho dato la ricetta base [&hellip;]<\/p>\n","protected":false},"author":6,"featured_media":4562,"comment_status":"open","ping_status":"open","sticky":false,"template":"","format":"standard","meta":{"_lmt_disableupdate":"","_lmt_disable":"","_monsterinsights_skip_tracking":false,"_monsterinsights_sitenote_active":false,"_monsterinsights_sitenote_note":"","_monsterinsights_sitenote_category":0,"footnotes":""},"categories":[3],"tags":[],"yoast_head":"<!-- This site is optimized with the Yoast SEO plugin v22.0 - https:\/\/yoast.com\/wordpress\/plugins\/seo\/ -->\n<title>Pettole salate, con Acciughe ed Olive - Sapori dei Sassi<\/title>\n<meta name=\"robots\" content=\"index, follow, max-snippet:-1, max-image-preview:large, max-video-preview:-1\" \/>\n<link rel=\"canonical\" href=\"https:\/\/www.saporideisassi.it\/blog\/pettole-salate-acciughe-oliv\/\" \/>\n<meta property=\"og:locale\" content=\"it_IT\" \/>\n<meta property=\"og:type\" content=\"article\" \/>\n<meta property=\"og:title\" content=\"Pettole salate, con Acciughe ed Olive - Sapori dei Sassi\" \/>\n<meta property=\"og:description\" content=\"Scritto da Angela E siamo in pieno periodo natalizio e, in due regioni fortemente legate alle loro tradizioni enogastronomiche come la Basilicata e la Puglia, non possono mancare le famigerate Pettole.\u00a0 Vi ho gi\u00e0 dato la mia Ricetta delle Pettole ben tre anni fa&#8217; (&#8216;mmazza come vola il tempo!). Vi ho dato la ricetta base [&hellip;]\" \/>\n<meta property=\"og:url\" content=\"https:\/\/www.saporideisassi.it\/blog\/pettole-salate-acciughe-oliv\/\" \/>\n<meta property=\"og:site_name\" content=\"Sapori dei Sassi\" \/>\n<meta property=\"article:publisher\" content=\"https:\/\/www.facebook.com\/saporideisassi\/\" \/>\n<meta property=\"article:published_time\" content=\"2012-12-19T07:00:56+00:00\" \/>\n<meta property=\"article:modified_time\" content=\"2018-05-16T10:10:18+00:00\" \/>\n<meta property=\"og:image\" content=\"https:\/\/www.saporideisassi.it\/blog\/wp-content\/uploads\/Pettole_salate2.jpg\" \/>\n\t<meta property=\"og:image:width\" content=\"681\" \/>\n\t<meta property=\"og:image:height\" content=\"1022\" \/>\n\t<meta property=\"og:image:type\" content=\"image\/jpeg\" \/>\n<meta name=\"author\" content=\"Angela\" \/>\n<meta name=\"twitter:card\" content=\"summary_large_image\" \/>\n<meta name=\"twitter:creator\" content=\"@saporideisassi\" \/>\n<meta name=\"twitter:site\" content=\"@saporideisassi\" \/>\n<meta name=\"twitter:label1\" content=\"Scritto da\" \/>\n\t<meta name=\"twitter:data1\" content=\"Angela\" \/>\n\t<meta name=\"twitter:label2\" content=\"Tempo di lettura stimato\" \/>\n\t<meta name=\"twitter:data2\" content=\"1 minuto\" \/>\n<script type=\"application\/ld+json\" class=\"yoast-schema-graph\">{\"@context\":\"https:\/\/schema.org\",\"@graph\":[{\"@type\":\"Article\",\"@id\":\"https:\/\/www.saporideisassi.it\/blog\/pettole-salate-acciughe-oliv\/#article\",\"isPartOf\":{\"@id\":\"https:\/\/www.saporideisassi.it\/blog\/pettole-salate-acciughe-oliv\/\"},\"author\":{\"name\":\"Angela\",\"@id\":\"https:\/\/www.saporideisassi.it\/blog\/#\/schema\/person\/ed88a50948d4f189a97db6147cd459fc\"},\"headline\":\"Pettole salate, con Acciughe ed Olive\",\"datePublished\":\"2012-12-19T07:00:56+00:00\",\"dateModified\":\"2018-05-16T10:10:18+00:00\",\"mainEntityOfPage\":{\"@id\":\"https:\/\/www.saporideisassi.it\/blog\/pettole-salate-acciughe-oliv\/\"},\"wordCount\":232,\"commentCount\":1,\"publisher\":{\"@id\":\"https:\/\/www.saporideisassi.it\/blog\/#organization\"},\"articleSection\":[\"Ricette\"],\"inLanguage\":\"it-IT\",\"potentialAction\":[{\"@type\":\"CommentAction\",\"name\":\"Comment\",\"target\":[\"https:\/\/www.saporideisassi.it\/blog\/pettole-salate-acciughe-oliv\/#respond\"]}]},{\"@type\":\"WebPage\",\"@id\":\"https:\/\/www.saporideisassi.it\/blog\/pettole-salate-acciughe-oliv\/\",\"url\":\"https:\/\/www.saporideisassi.it\/blog\/pettole-salate-acciughe-oliv\/\",\"name\":\"Pettole salate, con Acciughe ed Olive - Sapori dei Sassi\",\"isPartOf\":{\"@id\":\"https:\/\/www.saporideisassi.it\/blog\/#website\"},\"datePublished\":\"2012-12-19T07:00:56+00:00\",\"dateModified\":\"2018-05-16T10:10:18+00:00\",\"breadcrumb\":{\"@id\":\"https:\/\/www.saporideisassi.it\/blog\/pettole-salate-acciughe-oliv\/#breadcrumb\"},\"inLanguage\":\"it-IT\",\"potentialAction\":[{\"@type\":\"ReadAction\",\"target\":[\"https:\/\/www.saporideisassi.it\/blog\/pettole-salate-acciughe-oliv\/\"]}]},{\"@type\":\"BreadcrumbList\",\"@id\":\"https:\/\/www.saporideisassi.it\/blog\/pettole-salate-acciughe-oliv\/#breadcrumb\",\"itemListElement\":[{\"@type\":\"ListItem\",\"position\":1,\"name\":\"Home\",\"item\":\"https:\/\/www.saporideisassi.it\/blog\/\"},{\"@type\":\"ListItem\",\"position\":2,\"name\":\"Pettole salate, con Acciughe ed Olive\"}]},{\"@type\":\"WebSite\",\"@id\":\"https:\/\/www.saporideisassi.it\/blog\/#website\",\"url\":\"https:\/\/www.saporideisassi.it\/blog\/\",\"name\":\"Sapori dei Sassi\",\"description\":\"Raccontiamo la cultura eno-gastronomica\",\"publisher\":{\"@id\":\"https:\/\/www.saporideisassi.it\/blog\/#organization\"},\"potentialAction\":[{\"@type\":\"SearchAction\",\"target\":{\"@type\":\"EntryPoint\",\"urlTemplate\":\"https:\/\/www.saporideisassi.it\/blog\/?s={search_term_string}\"},\"query-input\":\"required name=search_term_string\"}],\"inLanguage\":\"it-IT\"},{\"@type\":\"Organization\",\"@id\":\"https:\/\/www.saporideisassi.it\/blog\/#organization\",\"name\":\"Sapori dei Sassi srl\",\"url\":\"https:\/\/www.saporideisassi.it\/blog\/\",\"logo\":{\"@type\":\"ImageObject\",\"inLanguage\":\"it-IT\",\"@id\":\"https:\/\/www.saporideisassi.it\/blog\/#\/schema\/logo\/image\/\",\"url\":\"https:\/\/www.saporideisassi.it\/blog\/wp-content\/uploads\/cropped-sapori-dei-sassi-logo-1622549037.png\",\"contentUrl\":\"https:\/\/www.saporideisassi.it\/blog\/wp-content\/uploads\/cropped-sapori-dei-sassi-logo-1622549037.png\",\"width\":213,\"height\":80,\"caption\":\"Sapori dei Sassi srl\"},\"image\":{\"@id\":\"https:\/\/www.saporideisassi.it\/blog\/#\/schema\/logo\/image\/\"},\"sameAs\":[\"https:\/\/www.facebook.com\/saporideisassi\/\",\"https:\/\/twitter.com\/saporideisassi\",\"https:\/\/www.instagram.com\/saporideisassi\/\",\"https:\/\/www.youtube.com\/user\/SaporideiSassi\"]},{\"@type\":\"Person\",\"@id\":\"https:\/\/www.saporideisassi.it\/blog\/#\/schema\/person\/ed88a50948d4f189a97db6147cd459fc\",\"name\":\"Angela\",\"image\":{\"@type\":\"ImageObject\",\"inLanguage\":\"it-IT\",\"@id\":\"https:\/\/www.saporideisassi.it\/blog\/#\/schema\/person\/image\/\",\"url\":\"https:\/\/secure.gravatar.com\/avatar\/c6029fb253196a948a5e1ab99a205ac4?s=96&d=mm&r=g\",\"contentUrl\":\"https:\/\/secure.gravatar.com\/avatar\/c6029fb253196a948a5e1ab99a205ac4?s=96&d=mm&r=g\",\"caption\":\"Angela\"},\"sameAs\":[\"https:\/\/www.saporideisassi.it\/blog\"],\"url\":\"https:\/\/www.saporideisassi.it\/blog\/author\/angela-b\/\"}]}<\/script>\n<!-- \/ Yoast SEO plugin. -->","yoast_head_json":{"title":"Pettole salate, con Acciughe ed Olive - Sapori dei Sassi","robots":{"index":"index","follow":"follow","max-snippet":"max-snippet:-1","max-image-preview":"max-image-preview:large","max-video-preview":"max-video-preview:-1"},"canonical":"https:\/\/www.saporideisassi.it\/blog\/pettole-salate-acciughe-oliv\/","og_locale":"it_IT","og_type":"article","og_title":"Pettole salate, con Acciughe ed Olive - Sapori dei Sassi","og_description":"Scritto da Angela E siamo in pieno periodo natalizio e, in due regioni fortemente legate alle loro tradizioni enogastronomiche come la Basilicata e la Puglia, non possono mancare le famigerate Pettole.\u00a0 Vi ho gi\u00e0 dato la mia Ricetta delle Pettole ben tre anni fa&#8217; (&#8216;mmazza come vola il tempo!). Vi ho dato la ricetta base [&hellip;]","og_url":"https:\/\/www.saporideisassi.it\/blog\/pettole-salate-acciughe-oliv\/","og_site_name":"Sapori dei Sassi","article_publisher":"https:\/\/www.facebook.com\/saporideisassi\/","article_published_time":"2012-12-19T07:00:56+00:00","article_modified_time":"2018-05-16T10:10:18+00:00","og_image":[{"width":"681","height":"1022","url":"https:\/\/www.saporideisassi.it\/blog\/wp-content\/uploads\/Pettole_salate2.jpg","type":"image\/jpeg"}],"author":"Angela","twitter_card":"summary_large_image","twitter_creator":"@saporideisassi","twitter_site":"@saporideisassi","twitter_misc":{"Scritto da":"Angela","Tempo di lettura stimato":"1 minuto"},"schema":{"@context":"https:\/\/schema.org","@graph":[{"@type":"Article","@id":"https:\/\/www.saporideisassi.it\/blog\/pettole-salate-acciughe-oliv\/#article","isPartOf":{"@id":"https:\/\/www.saporideisassi.it\/blog\/pettole-salate-acciughe-oliv\/"},"author":{"name":"Angela","@id":"https:\/\/www.saporideisassi.it\/blog\/#\/schema\/person\/ed88a50948d4f189a97db6147cd459fc"},"headline":"Pettole salate, con Acciughe ed Olive","datePublished":"2012-12-19T07:00:56+00:00","dateModified":"2018-05-16T10:10:18+00:00","mainEntityOfPage":{"@id":"https:\/\/www.saporideisassi.it\/blog\/pettole-salate-acciughe-oliv\/"},"wordCount":232,"commentCount":1,"publisher":{"@id":"https:\/\/www.saporideisassi.it\/blog\/#organization"},"articleSection":["Ricette"],"inLanguage":"it-IT","potentialAction":[{"@type":"CommentAction","name":"Comment","target":["https:\/\/www.saporideisassi.it\/blog\/pettole-salate-acciughe-oliv\/#respond"]}]},{"@type":"WebPage","@id":"https:\/\/www.saporideisassi.it\/blog\/pettole-salate-acciughe-oliv\/","url":"https:\/\/www.saporideisassi.it\/blog\/pettole-salate-acciughe-oliv\/","name":"Pettole salate, con Acciughe ed Olive - Sapori dei Sassi","isPartOf":{"@id":"https:\/\/www.saporideisassi.it\/blog\/#website"},"datePublished":"2012-12-19T07:00:56+00:00","dateModified":"2018-05-16T10:10:18+00:00","breadcrumb":{"@id":"https:\/\/www.saporideisassi.it\/blog\/pettole-salate-acciughe-oliv\/#breadcrumb"},"inLanguage":"it-IT","potentialAction":[{"@type":"ReadAction","target":["https:\/\/www.saporideisassi.it\/blog\/pettole-salate-acciughe-oliv\/"]}]},{"@type":"BreadcrumbList","@id":"https:\/\/www.saporideisassi.it\/blog\/pettole-salate-acciughe-oliv\/#breadcrumb","itemListElement":[{"@type":"ListItem","position":1,"name":"Home","item":"https:\/\/www.saporideisassi.it\/blog\/"},{"@type":"ListItem","position":2,"name":"Pettole salate, con Acciughe ed Olive"}]},{"@type":"WebSite","@id":"https:\/\/www.saporideisassi.it\/blog\/#website","url":"https:\/\/www.saporideisassi.it\/blog\/","name":"Sapori dei Sassi","description":"Raccontiamo la cultura eno-gastronomica","publisher":{"@id":"https:\/\/www.saporideisassi.it\/blog\/#organization"},"potentialAction":[{"@type":"SearchAction","target":{"@type":"EntryPoint","urlTemplate":"https:\/\/www.saporideisassi.it\/blog\/?s={search_term_string}"},"query-input":"required name=search_term_string"}],"inLanguage":"it-IT"},{"@type":"Organization","@id":"https:\/\/www.saporideisassi.it\/blog\/#organization","name":"Sapori dei Sassi srl","url":"https:\/\/www.saporideisassi.it\/blog\/","logo":{"@type":"ImageObject","inLanguage":"it-IT","@id":"https:\/\/www.saporideisassi.it\/blog\/#\/schema\/logo\/image\/","url":"https:\/\/www.saporideisassi.it\/blog\/wp-content\/uploads\/cropped-sapori-dei-sassi-logo-1622549037.png","contentUrl":"https:\/\/www.saporideisassi.it\/blog\/wp-content\/uploads\/cropped-sapori-dei-sassi-logo-1622549037.png","width":213,"height":80,"caption":"Sapori dei Sassi srl"},"image":{"@id":"https:\/\/www.saporideisassi.it\/blog\/#\/schema\/logo\/image\/"},"sameAs":["https:\/\/www.facebook.com\/saporideisassi\/","https:\/\/twitter.com\/saporideisassi","https:\/\/www.instagram.com\/saporideisassi\/","https:\/\/www.youtube.com\/user\/SaporideiSassi"]},{"@type":"Person","@id":"https:\/\/www.saporideisassi.it\/blog\/#\/schema\/person\/ed88a50948d4f189a97db6147cd459fc","name":"Angela","image":{"@type":"ImageObject","inLanguage":"it-IT","@id":"https:\/\/www.saporideisassi.it\/blog\/#\/schema\/person\/image\/","url":"https:\/\/secure.gravatar.com\/avatar\/c6029fb253196a948a5e1ab99a205ac4?s=96&d=mm&r=g","contentUrl":"https:\/\/secure.gravatar.com\/avatar\/c6029fb253196a948a5e1ab99a205ac4?s=96&d=mm&r=g","caption":"Angela"},"sameAs":["https:\/\/www.saporideisassi.it\/blog"],"url":"https:\/\/www.saporideisassi.it\/blog\/author\/angela-b\/"}]}},"modified_by":null,"_links":{"self":[{"href":"https:\/\/www.saporideisassi.it\/blog\/wp-json\/wp\/v2\/posts\/4561"}],"collection":[{"href":"https:\/\/www.saporideisassi.it\/blog\/wp-json\/wp\/v2\/posts"}],"about":[{"href":"https:\/\/www.saporideisassi.it\/blog\/wp-json\/wp\/v2\/types\/post"}],"author":[{"embeddable":true,"href":"https:\/\/www.saporideisassi.it\/blog\/wp-json\/wp\/v2\/users\/6"}],"replies":[{"embeddable":true,"href":"https:\/\/www.saporideisassi.it\/blog\/wp-json\/wp\/v2\/comments?post=4561"}],"version-history":[{"count":10,"href":"https:\/\/www.saporideisassi.it\/blog\/wp-json\/wp\/v2\/posts\/4561\/revisions"}],"predecessor-version":[{"id":5724,"href":"https:\/\/www.saporideisassi.it\/blog\/wp-json\/wp\/v2\/posts\/4561\/revisions\/5724"}],"wp:featuredmedia":[{"embeddable":true,"href":"https:\/\/www.saporideisassi.it\/blog\/wp-json\/wp\/v2\/media\/4562"}],"wp:attachment":[{"href":"https:\/\/www.saporideisassi.it\/blog\/wp-json\/wp\/v2\/media?parent=4561"}],"wp:term":[{"taxonomy":"category","embeddable":true,"href":"https:\/\/www.saporideisassi.it\/blog\/wp-json\/wp\/v2\/categories?post=4561"},{"taxonomy":"post_tag","embeddable":true,"href":"https:\/\/www.saporideisassi.it\/blog\/wp-json\/wp\/v2\/tags?post=4561"}],"curies":[{"name":"wp","href":"https:\/\/api.w.org\/{rel}","templated":true}]}}