{"id":5254,"date":"2015-12-02T10:30:22","date_gmt":"2015-12-02T09:30:22","guid":{"rendered":"https:\/\/www.saporideisassi.it\/blog\/?p=5254"},"modified":"2018-05-28T09:45:24","modified_gmt":"2018-05-28T07:45:24","slug":"idee-per-il-pranzo-di-natale-con-i-prodotti-del-sud-italia","status":"publish","type":"post","link":"https:\/\/www.saporideisassi.it\/blog\/idee-per-il-pranzo-di-natale-con-i-prodotti-del-sud-italia\/","title":{"rendered":"Idee per il pranzo di Natale con i prodotti del Sud Italia"},"content":{"rendered":"<p>Manca un mese al <strong>Natale<\/strong> e iniziamo a pensare in questi giorni a cosa cucinare per il pranzo o la cena della vigilia, in cosa consister\u00e0 il vostro menu natalizio?<br \/>\nSi sa che il<strong> sud Italia<\/strong> \u00e8 ricco di piatti tipici della tradizione quindi ci sar\u00e0 l&#8217;imbarazzo della scelta nella realizzazione del menu per il giorno di Natale! Ma scopriamo insieme qualche idea con i nostri prodotti tipici che potrete trovare su Sapori dei Sassi.<\/p>\n<p><img fetchpriority=\"high\" decoding=\"async\" class=\"aligncenter wp-image-5255 size-full\" src=\"https:\/\/www.saporideisassi.it\/blog\/wp-content\/uploads\/pranzo-natale.jpeg\" alt=\"menu-natale-sapori-dei-sassi\" width=\"333\" height=\"500\" srcset=\"https:\/\/www.saporideisassi.it\/blog\/wp-content\/uploads\/pranzo-natale.jpeg 333w, https:\/\/www.saporideisassi.it\/blog\/wp-content\/uploads\/pranzo-natale-199x300.jpeg 199w\" sizes=\"(max-width: 333px) 100vw, 333px\" \/><\/p>\n<p><strong>Diffondere e gustare i prodotti tipici del Meridione <\/strong><br \/>\nIl Sud dell&#8217;Italia \u00e8 una vera e propria miniera di <strong>specialit\u00e0 gastronomiche e vinicole<\/strong>, tutte da diffondere e assaporare. Proprio questa \u00e8 la nostra missione: darvi la possibilit\u00e0 di conoscere ed acquistare prodotti di alta qualit\u00e0 e di agricoltura biologica, provenienti dalle varie regioni del Meridione: <strong>Puglia, Calabria, Basilicata, Campania e Sicilia.<\/strong><br \/>\nOra che il Natale si avvicina, le idee per preparare un pranzo natalizio sano ma allo stesso tempo gustoso sono tante e noi di <a href=\"https:\/\/www.saporideisassi.it\/\">Sapori dei Sassi <\/a>rendiamo possibile realizzarle, grazie ai tanti prodotti, sia dolci che salati presenti sul nostro e-commerce. I tanti tipi di pasta acquistabili on line possono diventare la base di invitanti ricette da sperimentare e offrire ai propri cari, per vivere insieme questa festivit\u00e0. Non possono mancare vini DOC e dolciumi delle tradizioni regionali.<\/p>\n<p><strong>Suggerimenti per un pranzo di Natale all&#8217;insegna della bont\u00e0<\/strong><br \/>\nPer preparare un pranzo natalizio da ricordare, si pu\u00f2 attingere ai tanti <strong>prodotti culinari delle tradizione del nostro Sud<\/strong>, che rendono il Meridione d\u2019Italia un autentico paradiso per il palato, come viene giustamente ricordato anche da alcuni esempi letterari e cinematografici, che rendono omaggio alle prelibatezze dell&#8217;Italia del Sud. Oltre alla pasta e alla pizza, specialit\u00e0 ormai universalmente note, la tradizione eno-gastronomica dell&#8217;Italia meridionale comprende anche prodotti meno conosciuti, ma altrettanto gustosi, da usare per realizzare ricette sane e allo stesso tempo molto saporite.<\/p>\n<p><strong>Pasta e sughi<br \/>\n<\/strong>Un pranzo natalizio che si rispetti non pu\u00f2 fare a meno di un buon primo piatto, dove l&#8217;alta qualit\u00e0 della pasta \u00e8 fondamentale per assicurare bont\u00e0 del sapore, perfezione nella consistenza e nella cottura. La nostra pasta costituisce in questo senso una vera e propria garanzia, offrendo una straordinaria variet\u00e0 di formati (paccheri, fusilli, linguine, spaghetti e ancora molti altri tipi) prodotti nei pastifici artigianali di <strong>Gragnano<\/strong>, la capitale della pasta per eccellenza. Abbinarli a degli ottimi sughi sar\u00e0 semplicissimo: la passata di pomodori dall&#8217;incredibile bont\u00e0 e densit\u00e0, prodotta da pomodori coltivati biologicamente nella Masseria Dauna, della provincia di Foggia. Dalla stessa masseria provengono anche i pomodori pelati e le spaccatelle di pomodoro, che conservano la buccia esterna.<br \/>\nMolti altri sono i sughi acquistabili online, tutti invitanti e dai sapori molto particolari, come il sugo al peperoncino, alla Sangiuannin, alla vegetariana e ai funghi cardoncelli, pensati appositamente per soddisfare i palati pi\u00f9 esigenti, alla ricerca di gusti sempre nuovi.<\/p>\n<p><strong>Formaggi e salumi<\/strong><br \/>\nUn invitante tagliere, ricco di formaggi e salumi della tradizione meridionale, sar\u00e0 sicuramente accolto con gioia nel corso di ogni pranzo natalizio. Sul nostro shop avrai l&#8217;imbarazzo della scelta nel selezionare, tra <strong>i prodotti tipici del Meridione<\/strong>, i pi\u00f9 irresistibili latticini e salumi. Tra i primi, le mozzarelle, anche nella golosa variante al latte di bufala, la cacioricotta Lucana, la Stracciatella, costituita da filetti di mozzarella e panna; vastissima la scelta dei formaggi, con pecorino e caciocavallo lucani, scamorza, canestrato di Moliterno, burrata e non solo.<br \/>\nAltrettanto ricca ed invitante, la gamma dei salumi, tutti prodotti in modo semplice e naturale, senza conservanti o sostanze aggiunte che possono essere nocive per la salute: la salsiccia Lucanica, sia dolce che piccante, ricavata da suini allevati allo stato semi-brado in allevamenti esclusivamente lucani; il capocollo di Martina Franca, il filetto lardellato, fino ad arrivare alla piccantissima &#8216;<strong>Nduja di Spilinga in budello<\/strong>, prodotto della tradizione calabrese.<br \/>\nServire un tagliere con alcune di queste specialit\u00e0 render\u00e0 il <strong>pranzo di Natale<\/strong> un autentico successo.<\/p>\n<p><strong>Dolci tipici del Sud Italia<br \/>\n<\/strong>Per concludere degnamente un pranzo di Natale non possono mancare di certo i <a href=\"https:\/\/www.saporideisassi.it\/45-pasticceria-sud-italia\">dolci tipici del Meridione<\/a>, in particolare quelli pi\u00f9 strettamente legati alla tradizione natalizia. Proponiamo molte golose specialit\u00e0 dolciarie, che renderanno il Natale ancora pi\u00f9 speciale: i mostaccioli salentini, con irresistibili fragranze di cannella e arancia e ricchissimi di cacao; fichi secchi di ottima qualit\u00e0, ripieni di mandorle pugliesi e ricoperti di goloso cioccolato fondente; gli smeraldini: confetti di pistacchio ricoperti di cioccolato bianco o fondente. Tra i dolci tipici del Sud Italia si propongono inoltre i classici bab\u00e0 al rhum della tradizione napoletana.<\/p>\n","protected":false},"excerpt":{"rendered":"<p>Manca un mese al Natale e iniziamo a pensare in questi giorni a cosa cucinare per il pranzo o la cena della vigilia, in cosa consister\u00e0 il vostro menu natalizio? Si sa che il sud Italia \u00e8 ricco di piatti tipici della tradizione quindi ci sar\u00e0 l&#8217;imbarazzo della scelta nella realizzazione del menu per il [&hellip;]<\/p>\n","protected":false},"author":6,"featured_media":5255,"comment_status":"open","ping_status":"open","sticky":false,"template":"","format":"standard","meta":{"_lmt_disableupdate":"","_lmt_disable":"","_monsterinsights_skip_tracking":false,"_monsterinsights_sitenote_active":false,"_monsterinsights_sitenote_note":"","_monsterinsights_sitenote_category":0,"footnotes":""},"categories":[651],"tags":[],"yoast_head":"<!-- This site is optimized with the Yoast SEO plugin v22.0 - https:\/\/yoast.com\/wordpress\/plugins\/seo\/ -->\n<title>Idee per il pranzo di Natale con i prodotti del Sud Italia - Sapori dei Sassi<\/title>\n<meta name=\"robots\" content=\"index, follow, max-snippet:-1, max-image-preview:large, max-video-preview:-1\" \/>\n<link rel=\"canonical\" href=\"https:\/\/www.saporideisassi.it\/blog\/idee-per-il-pranzo-di-natale-con-i-prodotti-del-sud-italia\/\" \/>\n<meta property=\"og:locale\" content=\"it_IT\" \/>\n<meta property=\"og:type\" content=\"article\" \/>\n<meta property=\"og:title\" content=\"Idee per il pranzo di Natale con i prodotti del Sud Italia - Sapori dei Sassi\" \/>\n<meta property=\"og:description\" content=\"Manca un mese al Natale e iniziamo a pensare in questi giorni a cosa cucinare per il pranzo o la cena della vigilia, in cosa consister\u00e0 il vostro menu natalizio? Si sa che il sud Italia \u00e8 ricco di piatti tipici della tradizione quindi ci sar\u00e0 l&#8217;imbarazzo della scelta nella realizzazione del menu per il [&hellip;]\" \/>\n<meta property=\"og:url\" content=\"https:\/\/www.saporideisassi.it\/blog\/idee-per-il-pranzo-di-natale-con-i-prodotti-del-sud-italia\/\" \/>\n<meta property=\"og:site_name\" content=\"Sapori dei Sassi\" \/>\n<meta property=\"article:publisher\" content=\"https:\/\/www.facebook.com\/saporideisassi\/\" \/>\n<meta property=\"article:published_time\" content=\"2015-12-02T09:30:22+00:00\" \/>\n<meta property=\"article:modified_time\" content=\"2018-05-28T07:45:24+00:00\" \/>\n<meta property=\"og:image\" content=\"https:\/\/www.saporideisassi.it\/blog\/wp-content\/uploads\/pranzo-natale.jpeg\" \/>\n\t<meta property=\"og:image:width\" content=\"333\" \/>\n\t<meta property=\"og:image:height\" content=\"500\" \/>\n\t<meta property=\"og:image:type\" content=\"image\/jpeg\" \/>\n<meta name=\"author\" content=\"Angela\" \/>\n<meta name=\"twitter:card\" content=\"summary_large_image\" \/>\n<meta name=\"twitter:creator\" content=\"@saporideisassi\" \/>\n<meta name=\"twitter:site\" content=\"@saporideisassi\" \/>\n<meta name=\"twitter:label1\" content=\"Scritto da\" \/>\n\t<meta name=\"twitter:data1\" content=\"Angela\" \/>\n\t<meta name=\"twitter:label2\" content=\"Tempo di lettura stimato\" \/>\n\t<meta name=\"twitter:data2\" content=\"4 minuti\" \/>\n<script type=\"application\/ld+json\" class=\"yoast-schema-graph\">{\"@context\":\"https:\/\/schema.org\",\"@graph\":[{\"@type\":\"Article\",\"@id\":\"https:\/\/www.saporideisassi.it\/blog\/idee-per-il-pranzo-di-natale-con-i-prodotti-del-sud-italia\/#article\",\"isPartOf\":{\"@id\":\"https:\/\/www.saporideisassi.it\/blog\/idee-per-il-pranzo-di-natale-con-i-prodotti-del-sud-italia\/\"},\"author\":{\"name\":\"Angela\",\"@id\":\"https:\/\/www.saporideisassi.it\/blog\/#\/schema\/person\/ed88a50948d4f189a97db6147cd459fc\"},\"headline\":\"Idee per il pranzo di Natale con i prodotti del Sud Italia\",\"datePublished\":\"2015-12-02T09:30:22+00:00\",\"dateModified\":\"2018-05-28T07:45:24+00:00\",\"mainEntityOfPage\":{\"@id\":\"https:\/\/www.saporideisassi.it\/blog\/idee-per-il-pranzo-di-natale-con-i-prodotti-del-sud-italia\/\"},\"wordCount\":751,\"commentCount\":1,\"publisher\":{\"@id\":\"https:\/\/www.saporideisassi.it\/blog\/#organization\"},\"articleSection\":[\"Consigli gastronomici\"],\"inLanguage\":\"it-IT\",\"potentialAction\":[{\"@type\":\"CommentAction\",\"name\":\"Comment\",\"target\":[\"https:\/\/www.saporideisassi.it\/blog\/idee-per-il-pranzo-di-natale-con-i-prodotti-del-sud-italia\/#respond\"]}]},{\"@type\":\"WebPage\",\"@id\":\"https:\/\/www.saporideisassi.it\/blog\/idee-per-il-pranzo-di-natale-con-i-prodotti-del-sud-italia\/\",\"url\":\"https:\/\/www.saporideisassi.it\/blog\/idee-per-il-pranzo-di-natale-con-i-prodotti-del-sud-italia\/\",\"name\":\"Idee per il pranzo di Natale con i prodotti del Sud Italia - Sapori dei Sassi\",\"isPartOf\":{\"@id\":\"https:\/\/www.saporideisassi.it\/blog\/#website\"},\"datePublished\":\"2015-12-02T09:30:22+00:00\",\"dateModified\":\"2018-05-28T07:45:24+00:00\",\"breadcrumb\":{\"@id\":\"https:\/\/www.saporideisassi.it\/blog\/idee-per-il-pranzo-di-natale-con-i-prodotti-del-sud-italia\/#breadcrumb\"},\"inLanguage\":\"it-IT\",\"potentialAction\":[{\"@type\":\"ReadAction\",\"target\":[\"https:\/\/www.saporideisassi.it\/blog\/idee-per-il-pranzo-di-natale-con-i-prodotti-del-sud-italia\/\"]}]},{\"@type\":\"BreadcrumbList\",\"@id\":\"https:\/\/www.saporideisassi.it\/blog\/idee-per-il-pranzo-di-natale-con-i-prodotti-del-sud-italia\/#breadcrumb\",\"itemListElement\":[{\"@type\":\"ListItem\",\"position\":1,\"name\":\"Home\",\"item\":\"https:\/\/www.saporideisassi.it\/blog\/\"},{\"@type\":\"ListItem\",\"position\":2,\"name\":\"Idee per il pranzo di Natale con i prodotti del Sud Italia\"}]},{\"@type\":\"WebSite\",\"@id\":\"https:\/\/www.saporideisassi.it\/blog\/#website\",\"url\":\"https:\/\/www.saporideisassi.it\/blog\/\",\"name\":\"Sapori dei Sassi\",\"description\":\"Raccontiamo la cultura eno-gastronomica\",\"publisher\":{\"@id\":\"https:\/\/www.saporideisassi.it\/blog\/#organization\"},\"potentialAction\":[{\"@type\":\"SearchAction\",\"target\":{\"@type\":\"EntryPoint\",\"urlTemplate\":\"https:\/\/www.saporideisassi.it\/blog\/?s={search_term_string}\"},\"query-input\":\"required name=search_term_string\"}],\"inLanguage\":\"it-IT\"},{\"@type\":\"Organization\",\"@id\":\"https:\/\/www.saporideisassi.it\/blog\/#organization\",\"name\":\"Sapori dei Sassi srl\",\"url\":\"https:\/\/www.saporideisassi.it\/blog\/\",\"logo\":{\"@type\":\"ImageObject\",\"inLanguage\":\"it-IT\",\"@id\":\"https:\/\/www.saporideisassi.it\/blog\/#\/schema\/logo\/image\/\",\"url\":\"https:\/\/www.saporideisassi.it\/blog\/wp-content\/uploads\/cropped-sapori-dei-sassi-logo-1622549037.png\",\"contentUrl\":\"https:\/\/www.saporideisassi.it\/blog\/wp-content\/uploads\/cropped-sapori-dei-sassi-logo-1622549037.png\",\"width\":213,\"height\":80,\"caption\":\"Sapori dei Sassi srl\"},\"image\":{\"@id\":\"https:\/\/www.saporideisassi.it\/blog\/#\/schema\/logo\/image\/\"},\"sameAs\":[\"https:\/\/www.facebook.com\/saporideisassi\/\",\"https:\/\/twitter.com\/saporideisassi\",\"https:\/\/www.instagram.com\/saporideisassi\/\",\"https:\/\/www.youtube.com\/user\/SaporideiSassi\"]},{\"@type\":\"Person\",\"@id\":\"https:\/\/www.saporideisassi.it\/blog\/#\/schema\/person\/ed88a50948d4f189a97db6147cd459fc\",\"name\":\"Angela\",\"image\":{\"@type\":\"ImageObject\",\"inLanguage\":\"it-IT\",\"@id\":\"https:\/\/www.saporideisassi.it\/blog\/#\/schema\/person\/image\/\",\"url\":\"https:\/\/secure.gravatar.com\/avatar\/c6029fb253196a948a5e1ab99a205ac4?s=96&d=mm&r=g\",\"contentUrl\":\"https:\/\/secure.gravatar.com\/avatar\/c6029fb253196a948a5e1ab99a205ac4?s=96&d=mm&r=g\",\"caption\":\"Angela\"},\"sameAs\":[\"https:\/\/www.saporideisassi.it\/blog\"],\"url\":\"https:\/\/www.saporideisassi.it\/blog\/author\/angela-b\/\"}]}<\/script>\n<!-- \/ Yoast SEO plugin. -->","yoast_head_json":{"title":"Idee per il pranzo di Natale con i prodotti del Sud Italia - Sapori dei Sassi","robots":{"index":"index","follow":"follow","max-snippet":"max-snippet:-1","max-image-preview":"max-image-preview:large","max-video-preview":"max-video-preview:-1"},"canonical":"https:\/\/www.saporideisassi.it\/blog\/idee-per-il-pranzo-di-natale-con-i-prodotti-del-sud-italia\/","og_locale":"it_IT","og_type":"article","og_title":"Idee per il pranzo di Natale con i prodotti del Sud Italia - Sapori dei Sassi","og_description":"Manca un mese al Natale e iniziamo a pensare in questi giorni a cosa cucinare per il pranzo o la cena della vigilia, in cosa consister\u00e0 il vostro menu natalizio? Si sa che il sud Italia \u00e8 ricco di piatti tipici della tradizione quindi ci sar\u00e0 l&#8217;imbarazzo della scelta nella realizzazione del menu per il [&hellip;]","og_url":"https:\/\/www.saporideisassi.it\/blog\/idee-per-il-pranzo-di-natale-con-i-prodotti-del-sud-italia\/","og_site_name":"Sapori dei Sassi","article_publisher":"https:\/\/www.facebook.com\/saporideisassi\/","article_published_time":"2015-12-02T09:30:22+00:00","article_modified_time":"2018-05-28T07:45:24+00:00","og_image":[{"width":333,"height":500,"url":"https:\/\/www.saporideisassi.it\/blog\/wp-content\/uploads\/pranzo-natale.jpeg","type":"image\/jpeg"}],"author":"Angela","twitter_card":"summary_large_image","twitter_creator":"@saporideisassi","twitter_site":"@saporideisassi","twitter_misc":{"Scritto da":"Angela","Tempo di lettura stimato":"4 minuti"},"schema":{"@context":"https:\/\/schema.org","@graph":[{"@type":"Article","@id":"https:\/\/www.saporideisassi.it\/blog\/idee-per-il-pranzo-di-natale-con-i-prodotti-del-sud-italia\/#article","isPartOf":{"@id":"https:\/\/www.saporideisassi.it\/blog\/idee-per-il-pranzo-di-natale-con-i-prodotti-del-sud-italia\/"},"author":{"name":"Angela","@id":"https:\/\/www.saporideisassi.it\/blog\/#\/schema\/person\/ed88a50948d4f189a97db6147cd459fc"},"headline":"Idee per il pranzo di Natale con i prodotti del Sud Italia","datePublished":"2015-12-02T09:30:22+00:00","dateModified":"2018-05-28T07:45:24+00:00","mainEntityOfPage":{"@id":"https:\/\/www.saporideisassi.it\/blog\/idee-per-il-pranzo-di-natale-con-i-prodotti-del-sud-italia\/"},"wordCount":751,"commentCount":1,"publisher":{"@id":"https:\/\/www.saporideisassi.it\/blog\/#organization"},"articleSection":["Consigli gastronomici"],"inLanguage":"it-IT","potentialAction":[{"@type":"CommentAction","name":"Comment","target":["https:\/\/www.saporideisassi.it\/blog\/idee-per-il-pranzo-di-natale-con-i-prodotti-del-sud-italia\/#respond"]}]},{"@type":"WebPage","@id":"https:\/\/www.saporideisassi.it\/blog\/idee-per-il-pranzo-di-natale-con-i-prodotti-del-sud-italia\/","url":"https:\/\/www.saporideisassi.it\/blog\/idee-per-il-pranzo-di-natale-con-i-prodotti-del-sud-italia\/","name":"Idee per il pranzo di Natale con i prodotti del Sud Italia - Sapori dei Sassi","isPartOf":{"@id":"https:\/\/www.saporideisassi.it\/blog\/#website"},"datePublished":"2015-12-02T09:30:22+00:00","dateModified":"2018-05-28T07:45:24+00:00","breadcrumb":{"@id":"https:\/\/www.saporideisassi.it\/blog\/idee-per-il-pranzo-di-natale-con-i-prodotti-del-sud-italia\/#breadcrumb"},"inLanguage":"it-IT","potentialAction":[{"@type":"ReadAction","target":["https:\/\/www.saporideisassi.it\/blog\/idee-per-il-pranzo-di-natale-con-i-prodotti-del-sud-italia\/"]}]},{"@type":"BreadcrumbList","@id":"https:\/\/www.saporideisassi.it\/blog\/idee-per-il-pranzo-di-natale-con-i-prodotti-del-sud-italia\/#breadcrumb","itemListElement":[{"@type":"ListItem","position":1,"name":"Home","item":"https:\/\/www.saporideisassi.it\/blog\/"},{"@type":"ListItem","position":2,"name":"Idee per il pranzo di Natale con i prodotti del Sud Italia"}]},{"@type":"WebSite","@id":"https:\/\/www.saporideisassi.it\/blog\/#website","url":"https:\/\/www.saporideisassi.it\/blog\/","name":"Sapori dei Sassi","description":"Raccontiamo la cultura eno-gastronomica","publisher":{"@id":"https:\/\/www.saporideisassi.it\/blog\/#organization"},"potentialAction":[{"@type":"SearchAction","target":{"@type":"EntryPoint","urlTemplate":"https:\/\/www.saporideisassi.it\/blog\/?s={search_term_string}"},"query-input":"required name=search_term_string"}],"inLanguage":"it-IT"},{"@type":"Organization","@id":"https:\/\/www.saporideisassi.it\/blog\/#organization","name":"Sapori dei Sassi srl","url":"https:\/\/www.saporideisassi.it\/blog\/","logo":{"@type":"ImageObject","inLanguage":"it-IT","@id":"https:\/\/www.saporideisassi.it\/blog\/#\/schema\/logo\/image\/","url":"https:\/\/www.saporideisassi.it\/blog\/wp-content\/uploads\/cropped-sapori-dei-sassi-logo-1622549037.png","contentUrl":"https:\/\/www.saporideisassi.it\/blog\/wp-content\/uploads\/cropped-sapori-dei-sassi-logo-1622549037.png","width":213,"height":80,"caption":"Sapori dei Sassi srl"},"image":{"@id":"https:\/\/www.saporideisassi.it\/blog\/#\/schema\/logo\/image\/"},"sameAs":["https:\/\/www.facebook.com\/saporideisassi\/","https:\/\/twitter.com\/saporideisassi","https:\/\/www.instagram.com\/saporideisassi\/","https:\/\/www.youtube.com\/user\/SaporideiSassi"]},{"@type":"Person","@id":"https:\/\/www.saporideisassi.it\/blog\/#\/schema\/person\/ed88a50948d4f189a97db6147cd459fc","name":"Angela","image":{"@type":"ImageObject","inLanguage":"it-IT","@id":"https:\/\/www.saporideisassi.it\/blog\/#\/schema\/person\/image\/","url":"https:\/\/secure.gravatar.com\/avatar\/c6029fb253196a948a5e1ab99a205ac4?s=96&d=mm&r=g","contentUrl":"https:\/\/secure.gravatar.com\/avatar\/c6029fb253196a948a5e1ab99a205ac4?s=96&d=mm&r=g","caption":"Angela"},"sameAs":["https:\/\/www.saporideisassi.it\/blog"],"url":"https:\/\/www.saporideisassi.it\/blog\/author\/angela-b\/"}]}},"modified_by":"Giuseppe","_links":{"self":[{"href":"https:\/\/www.saporideisassi.it\/blog\/wp-json\/wp\/v2\/posts\/5254"}],"collection":[{"href":"https:\/\/www.saporideisassi.it\/blog\/wp-json\/wp\/v2\/posts"}],"about":[{"href":"https:\/\/www.saporideisassi.it\/blog\/wp-json\/wp\/v2\/types\/post"}],"author":[{"embeddable":true,"href":"https:\/\/www.saporideisassi.it\/blog\/wp-json\/wp\/v2\/users\/6"}],"replies":[{"embeddable":true,"href":"https:\/\/www.saporideisassi.it\/blog\/wp-json\/wp\/v2\/comments?post=5254"}],"version-history":[{"count":5,"href":"https:\/\/www.saporideisassi.it\/blog\/wp-json\/wp\/v2\/posts\/5254\/revisions"}],"predecessor-version":[{"id":6669,"href":"https:\/\/www.saporideisassi.it\/blog\/wp-json\/wp\/v2\/posts\/5254\/revisions\/6669"}],"wp:featuredmedia":[{"embeddable":true,"href":"https:\/\/www.saporideisassi.it\/blog\/wp-json\/wp\/v2\/media\/5255"}],"wp:attachment":[{"href":"https:\/\/www.saporideisassi.it\/blog\/wp-json\/wp\/v2\/media?parent=5254"}],"wp:term":[{"taxonomy":"category","embeddable":true,"href":"https:\/\/www.saporideisassi.it\/blog\/wp-json\/wp\/v2\/categories?post=5254"},{"taxonomy":"post_tag","embeddable":true,"href":"https:\/\/www.saporideisassi.it\/blog\/wp-json\/wp\/v2\/tags?post=5254"}],"curies":[{"name":"wp","href":"https:\/\/api.w.org\/{rel}","templated":true}]}}