{"id":9841,"date":"2021-04-16T08:15:00","date_gmt":"2021-04-16T06:15:00","guid":{"rendered":"https:\/\/www.saporideisassi.it\/blog\/?p=9841"},"modified":"2022-05-24T09:46:14","modified_gmt":"2022-05-24T07:46:14","slug":"come-si-produce-la-pasta-di-gragnano","status":"publish","type":"post","link":"https:\/\/www.saporideisassi.it\/blog\/come-si-produce-la-pasta-di-gragnano\/","title":{"rendered":"Come si produce la pasta di Gragnano?"},"content":{"rendered":"\n<p class=\"has-medium-font-size\">La<strong> <a href=\"https:\/\/www.saporideisassi.it\/58-pasta-di-gragnano\">pasta di Gragnano<\/a><\/strong> \u00e8 ormai uno dei tipi di pasta pi\u00f9 apprezzati e consumati in tutto il mondo, grazie a quelle che sono le sue caratteristiche organolettiche e soprattutto gustative che la rendono tra le prelibatezze italiane che in tanti ci invidiano.&nbsp;<\/p>\n\n\n\n<p class=\"has-medium-font-size\">Qualit\u00e0 che le hanno permesso, nel corso della sua lunga storia, di riuscire a farsi conoscere in tutte le cucine del globo, ma mantenendo sempre quegli elementi che la rendono da sempre uno dei prodotti pi\u00f9 autentici della<strong> tradizione napoletana.&nbsp;<\/strong><\/p>\n\n\n\n<figure class=\"wp-block-image size-large\"><img fetchpriority=\"high\" decoding=\"async\" width=\"670\" height=\"1005\" src=\"https:\/\/www.saporideisassi.it\/blog\/wp-content\/uploads\/FusilliCorti.jpg\" alt=\"fusilli di Gragnano\" class=\"wp-image-4911\" srcset=\"https:\/\/www.saporideisassi.it\/blog\/wp-content\/uploads\/FusilliCorti.jpg 670w, https:\/\/www.saporideisassi.it\/blog\/wp-content\/uploads\/FusilliCorti-199x300.jpg 199w\" sizes=\"(max-width: 670px) 100vw, 670px\" \/><\/figure>\n\n\n\n<p class=\"has-medium-font-size\">La <strong>pasta di Gragnano<\/strong>, infatti, \u00e8 tipica dell\u2019omonimo paese della provincia di Napoli e pu\u00f2 vantare due riconoscimenti importanti e sinonimo di qualit\u00e0 come la certificazione<strong> IGP <\/strong>(Indicazione Geografica Protetta) e quella<strong> PAT<\/strong> (Prodotto Agroalimentare Tradizionale).<\/p>\n\n\n\n<p class=\"has-medium-font-size\">Due sigle che, soprattutto per quello che riguarda l\u2019IGP, premiano e regolamentano gli aspetti relativi alla produzione che deve seguire, appunto, dei procedimenti che garantiscano alti livelli di qualit\u00e0 e il rispetto delle tradizioni.&nbsp;<\/p>\n\n\n\n<p class=\"has-medium-font-size\">Per poter, infatti, produrre la pasta di Gragnano \u00e8 necessario seguire determinati processi di produzione che vanno dagli <strong>ingredienti da utilizzare<\/strong> a quelli che sono<strong> i macchinari <\/strong>necessari per la trafilatura (rigorosamente al bronzo) e l\u2019importante fase della essiccatura.<br><br>Ma quali sono i passaggi che garantiscono l\u2019autenticit\u00e0 del prodotto finale e ai quali, tutti i produttori, devono attenersi alla lettera?<\/p>\n\n\n\n<figure class=\"wp-block-image size-large\"><img decoding=\"async\" width=\"700\" height=\"437\" src=\"https:\/\/www.saporideisassi.it\/blog\/wp-content\/uploads\/trafilaturaPaccheri.jpg\" alt=\"trafilatura paccheri di gragnano\" class=\"wp-image-9844\" srcset=\"https:\/\/www.saporideisassi.it\/blog\/wp-content\/uploads\/trafilaturaPaccheri.jpg 700w, https:\/\/www.saporideisassi.it\/blog\/wp-content\/uploads\/trafilaturaPaccheri-300x187.jpg 300w, https:\/\/www.saporideisassi.it\/blog\/wp-content\/uploads\/trafilaturaPaccheri-200x125.jpg 200w\" sizes=\"(max-width: 700px) 100vw, 700px\" \/><\/figure>\n\n\n\n<h2 class=\"wp-block-heading\">Pasta di Gragnano: il processo di produzione<\/h2>\n\n\n\n<p class=\"has-medium-font-size\">Il procedimento iniziale \u00e8 quello comune a tutti i tipi di <a href=\"https:\/\/www.saporideisassi.it\/17-pasta-artigianale\">pasta artigianale<\/a>, che consiste nella creazione della<strong> pasta secca alimentare.<\/strong>&nbsp;<\/p>\n\n\n\n<p class=\"has-medium-font-size\">Per ottenerla \u00e8 sufficiente formare un impasto a base di farina e acqua, ma nel caso della pasta di Gragnano questi due elementi devono avere caratteristiche ben precise.&nbsp;<\/p>\n\n\n\n<p class=\"has-medium-font-size\">La farina, infatti, deve essere di <strong>grano duro <\/strong>(Triticum durum), mentre va utilizzata l\u2019acqua proveniente dalla falda acquifera di Gragnano.<\/p>\n\n\n\n<p class=\"has-medium-font-size\">Se questo \u00e8 il processo iniziale che dar\u00e0 vita alla pasta secca, la parte successiva \u00e8 quella della <strong>trafilatura<\/strong> che avviene solo con macchine in bronzo e che precede la fase dell&#8217;<strong>essiccazione<\/strong> <strong>che pu\u00f2 durare da 4 ore a un massimo di 60 ore<\/strong>, a seconda del formato di pasta.&nbsp;<\/p>\n\n\n\n<p class=\"has-medium-font-size\">L\u2019aspetto pi\u00f9 importante, comunque, resta quello della<strong> territorialit\u00e0 <\/strong>visto che tutte le fasi della preparazione (impasto, estrusione, trafilatura ed essiccazione) devono essere effettuate a Gragnano per essere successivamente certificate come prodotti autentici.&nbsp;<\/p>\n\n\n\n<p class=\"has-medium-font-size\">Come detto \u00e8 fondamentale che la trafilatura avvenga con <strong>macchinari in bronzo<\/strong> per fare in modo che, la pasta, abbia la caratteristica porosit\u00e0 e rugosit\u00e0 che le permettono di abbinarsi perfettamente ai sughi classici come quello al pomodoro, ma anche a quelli pi\u00f9 ricchi come all\u2019amatriciana.&nbsp;<\/p>\n\n\n\n<figure class=\"wp-block-image size-large\"><a href=\"https:\/\/www.saporideisassi.it\/58-pasta-di-gragnano\"><img decoding=\"async\" width=\"700\" height=\"515\" src=\"https:\/\/www.saporideisassi.it\/blog\/wp-content\/uploads\/BannerPastaGragnano.jpg\" alt=\"pasta di Gragnano online\" class=\"wp-image-9772\" srcset=\"https:\/\/www.saporideisassi.it\/blog\/wp-content\/uploads\/BannerPastaGragnano.jpg 700w, https:\/\/www.saporideisassi.it\/blog\/wp-content\/uploads\/BannerPastaGragnano-300x221.jpg 300w\" sizes=\"(max-width: 700px) 100vw, 700px\" \/><\/a><\/figure>\n\n\n\n<p class=\"has-medium-font-size\">L\u2019altro processo, oltre alla trafilatura, che viene custodito gelosamente dai produttori della pasta di Gragnano, \u00e8 quello dell&#8217;<strong>essiccazione lenta a basse temperature.&nbsp;<\/strong><\/p>\n\n\n\n<p class=\"has-medium-font-size\">Il procedimento originale, seguito ancora da diversi produttori, era quello di stendere la pasta su canne di bamb\u00f9 che costeggiavano via Roma.&nbsp;<br><br>Un\u2019usanza talmente importante che ha influito addirittura sulla<strong> fisionomia dell\u2019intera citt\u00e0<\/strong>, tanto che la zona limitrofa a questa importante via pu\u00f2 essere raggiunta dal sole e dal vento a ogni ora del giorno, per assicurargli quel gusto e quelle caratteristiche che solo una vera <strong><a href=\"https:\/\/www.saporideisassi.it\/58-pasta-di-gragnano\">pasta prodotta a Gragnano<\/a><\/strong> possiede.<\/p>\n\n\n\n<blockquote class=\"wp-block-quote is-style-large\"><p><span style=\"background-color:#eeeeee\" class=\"tadv-background-color\">Leggi anche: <strong><a href=\"https:\/\/www.saporideisassi.it\/blog\/valori-nutrizionali-pasta-di-gragnano\/\">Quali sono i valori nutrizionali di una buona pasta di Gragnano?<\/a><\/strong><\/span><\/p><\/blockquote>\n","protected":false},"excerpt":{"rendered":"<p>La pasta di Gragnano \u00e8 ormai uno dei tipi di pasta pi\u00f9 apprezzati e consumati in tutto il mondo, grazie a quelle che sono le sue caratteristiche organolettiche e soprattutto gustative che la rendono tra le prelibatezze italiane che in tanti ci invidiano.&nbsp; Qualit\u00e0 che le hanno permesso, nel corso della sua lunga storia, di [&hellip;]<\/p>\n","protected":false},"author":4,"featured_media":9844,"comment_status":"open","ping_status":"open","sticky":false,"template":"","format":"standard","meta":{"_lmt_disableupdate":"","_lmt_disable":"","_monsterinsights_skip_tracking":false,"_monsterinsights_sitenote_active":false,"_monsterinsights_sitenote_note":"","_monsterinsights_sitenote_category":0,"footnotes":""},"categories":[1],"tags":[],"yoast_head":"<!-- This site is optimized with the Yoast SEO plugin v22.0 - https:\/\/yoast.com\/wordpress\/plugins\/seo\/ -->\n<title>Come si Produce la Pasta di Gragnano e Quali Sono i Suoi Segreti?<\/title>\n<meta name=\"description\" content=\"In questo articolo vengono illustrate le varie fasi della produzione della pasta di Gragnano, fiore all&#039;occhiello della gastronomia italiana\" \/>\n<meta name=\"robots\" content=\"index, follow, max-snippet:-1, max-image-preview:large, max-video-preview:-1\" \/>\n<link rel=\"canonical\" href=\"https:\/\/www.saporideisassi.it\/blog\/come-si-produce-la-pasta-di-gragnano\/\" \/>\n<meta property=\"og:locale\" content=\"it_IT\" \/>\n<meta property=\"og:type\" content=\"article\" \/>\n<meta property=\"og:title\" content=\"Come si Produce la Pasta di Gragnano e Quali Sono i Suoi Segreti?\" \/>\n<meta property=\"og:description\" content=\"In questo articolo vengono illustrate le varie fasi della produzione della pasta di Gragnano, fiore all&#039;occhiello della gastronomia italiana\" \/>\n<meta property=\"og:url\" content=\"https:\/\/www.saporideisassi.it\/blog\/come-si-produce-la-pasta-di-gragnano\/\" \/>\n<meta property=\"og:site_name\" content=\"Sapori dei Sassi\" \/>\n<meta property=\"article:publisher\" content=\"https:\/\/www.facebook.com\/saporideisassi\/\" \/>\n<meta property=\"article:published_time\" content=\"2021-04-16T06:15:00+00:00\" \/>\n<meta property=\"article:modified_time\" content=\"2022-05-24T07:46:14+00:00\" \/>\n<meta property=\"og:image\" content=\"https:\/\/www.saporideisassi.it\/blog\/wp-content\/uploads\/trafilaturaPaccheri.jpg\" \/>\n\t<meta property=\"og:image:width\" content=\"700\" \/>\n\t<meta property=\"og:image:height\" content=\"437\" \/>\n\t<meta property=\"og:image:type\" content=\"image\/jpeg\" \/>\n<meta name=\"author\" content=\"Giuseppe\" \/>\n<meta name=\"twitter:card\" content=\"summary_large_image\" \/>\n<meta name=\"twitter:creator\" content=\"@saporideisassi\" \/>\n<meta name=\"twitter:site\" content=\"@saporideisassi\" \/>\n<meta name=\"twitter:label1\" content=\"Scritto da\" \/>\n\t<meta name=\"twitter:data1\" content=\"Giuseppe\" \/>\n\t<meta name=\"twitter:label2\" content=\"Tempo di lettura stimato\" \/>\n\t<meta name=\"twitter:data2\" content=\"4 minuti\" \/>\n<script type=\"application\/ld+json\" class=\"yoast-schema-graph\">{\"@context\":\"https:\/\/schema.org\",\"@graph\":[{\"@type\":\"Article\",\"@id\":\"https:\/\/www.saporideisassi.it\/blog\/come-si-produce-la-pasta-di-gragnano\/#article\",\"isPartOf\":{\"@id\":\"https:\/\/www.saporideisassi.it\/blog\/come-si-produce-la-pasta-di-gragnano\/\"},\"author\":{\"name\":\"Giuseppe\",\"@id\":\"https:\/\/www.saporideisassi.it\/blog\/#\/schema\/person\/cbedf4a78606e72a58f11bd21b2e9726\"},\"headline\":\"Come si produce la pasta di Gragnano?\",\"datePublished\":\"2021-04-16T06:15:00+00:00\",\"dateModified\":\"2022-05-24T07:46:14+00:00\",\"mainEntityOfPage\":{\"@id\":\"https:\/\/www.saporideisassi.it\/blog\/come-si-produce-la-pasta-di-gragnano\/\"},\"wordCount\":539,\"commentCount\":0,\"publisher\":{\"@id\":\"https:\/\/www.saporideisassi.it\/blog\/#organization\"},\"articleSection\":[\"Prodotti Tipici\"],\"inLanguage\":\"it-IT\",\"potentialAction\":[{\"@type\":\"CommentAction\",\"name\":\"Comment\",\"target\":[\"https:\/\/www.saporideisassi.it\/blog\/come-si-produce-la-pasta-di-gragnano\/#respond\"]}]},{\"@type\":\"WebPage\",\"@id\":\"https:\/\/www.saporideisassi.it\/blog\/come-si-produce-la-pasta-di-gragnano\/\",\"url\":\"https:\/\/www.saporideisassi.it\/blog\/come-si-produce-la-pasta-di-gragnano\/\",\"name\":\"Come si Produce la Pasta di Gragnano e Quali Sono i Suoi Segreti?\",\"isPartOf\":{\"@id\":\"https:\/\/www.saporideisassi.it\/blog\/#website\"},\"datePublished\":\"2021-04-16T06:15:00+00:00\",\"dateModified\":\"2022-05-24T07:46:14+00:00\",\"description\":\"In questo articolo vengono illustrate le varie fasi della produzione della pasta di Gragnano, fiore all'occhiello della gastronomia italiana\",\"breadcrumb\":{\"@id\":\"https:\/\/www.saporideisassi.it\/blog\/come-si-produce-la-pasta-di-gragnano\/#breadcrumb\"},\"inLanguage\":\"it-IT\",\"potentialAction\":[{\"@type\":\"ReadAction\",\"target\":[\"https:\/\/www.saporideisassi.it\/blog\/come-si-produce-la-pasta-di-gragnano\/\"]}]},{\"@type\":\"BreadcrumbList\",\"@id\":\"https:\/\/www.saporideisassi.it\/blog\/come-si-produce-la-pasta-di-gragnano\/#breadcrumb\",\"itemListElement\":[{\"@type\":\"ListItem\",\"position\":1,\"name\":\"Home\",\"item\":\"https:\/\/www.saporideisassi.it\/blog\/\"},{\"@type\":\"ListItem\",\"position\":2,\"name\":\"Come si produce la pasta di Gragnano?\"}]},{\"@type\":\"WebSite\",\"@id\":\"https:\/\/www.saporideisassi.it\/blog\/#website\",\"url\":\"https:\/\/www.saporideisassi.it\/blog\/\",\"name\":\"Sapori dei Sassi\",\"description\":\"Raccontiamo la cultura eno-gastronomica\",\"publisher\":{\"@id\":\"https:\/\/www.saporideisassi.it\/blog\/#organization\"},\"potentialAction\":[{\"@type\":\"SearchAction\",\"target\":{\"@type\":\"EntryPoint\",\"urlTemplate\":\"https:\/\/www.saporideisassi.it\/blog\/?s={search_term_string}\"},\"query-input\":\"required name=search_term_string\"}],\"inLanguage\":\"it-IT\"},{\"@type\":\"Organization\",\"@id\":\"https:\/\/www.saporideisassi.it\/blog\/#organization\",\"name\":\"Sapori dei Sassi srl\",\"url\":\"https:\/\/www.saporideisassi.it\/blog\/\",\"logo\":{\"@type\":\"ImageObject\",\"inLanguage\":\"it-IT\",\"@id\":\"https:\/\/www.saporideisassi.it\/blog\/#\/schema\/logo\/image\/\",\"url\":\"https:\/\/www.saporideisassi.it\/blog\/wp-content\/uploads\/cropped-sapori-dei-sassi-logo-1622549037.png\",\"contentUrl\":\"https:\/\/www.saporideisassi.it\/blog\/wp-content\/uploads\/cropped-sapori-dei-sassi-logo-1622549037.png\",\"width\":213,\"height\":80,\"caption\":\"Sapori dei Sassi srl\"},\"image\":{\"@id\":\"https:\/\/www.saporideisassi.it\/blog\/#\/schema\/logo\/image\/\"},\"sameAs\":[\"https:\/\/www.facebook.com\/saporideisassi\/\",\"https:\/\/twitter.com\/saporideisassi\",\"https:\/\/www.instagram.com\/saporideisassi\/\",\"https:\/\/www.youtube.com\/user\/SaporideiSassi\"]},{\"@type\":\"Person\",\"@id\":\"https:\/\/www.saporideisassi.it\/blog\/#\/schema\/person\/cbedf4a78606e72a58f11bd21b2e9726\",\"name\":\"Giuseppe\",\"image\":{\"@type\":\"ImageObject\",\"inLanguage\":\"it-IT\",\"@id\":\"https:\/\/www.saporideisassi.it\/blog\/#\/schema\/person\/image\/\",\"url\":\"https:\/\/secure.gravatar.com\/avatar\/5356ea01ec06a6acc44473a51e3934b7?s=96&d=mm&r=g\",\"contentUrl\":\"https:\/\/secure.gravatar.com\/avatar\/5356ea01ec06a6acc44473a51e3934b7?s=96&d=mm&r=g\",\"caption\":\"Giuseppe\"},\"url\":\"https:\/\/www.saporideisassi.it\/blog\/author\/peppesix\/\"}]}<\/script>\n<!-- \/ Yoast SEO plugin. -->","yoast_head_json":{"title":"Come si Produce la Pasta di Gragnano e Quali Sono i Suoi Segreti?","description":"In questo articolo vengono illustrate le varie fasi della produzione della pasta di Gragnano, fiore all'occhiello della gastronomia italiana","robots":{"index":"index","follow":"follow","max-snippet":"max-snippet:-1","max-image-preview":"max-image-preview:large","max-video-preview":"max-video-preview:-1"},"canonical":"https:\/\/www.saporideisassi.it\/blog\/come-si-produce-la-pasta-di-gragnano\/","og_locale":"it_IT","og_type":"article","og_title":"Come si Produce la Pasta di Gragnano e Quali Sono i Suoi Segreti?","og_description":"In questo articolo vengono illustrate le varie fasi della produzione della pasta di Gragnano, fiore all'occhiello della gastronomia italiana","og_url":"https:\/\/www.saporideisassi.it\/blog\/come-si-produce-la-pasta-di-gragnano\/","og_site_name":"Sapori dei Sassi","article_publisher":"https:\/\/www.facebook.com\/saporideisassi\/","article_published_time":"2021-04-16T06:15:00+00:00","article_modified_time":"2022-05-24T07:46:14+00:00","og_image":[{"width":700,"height":437,"url":"https:\/\/www.saporideisassi.it\/blog\/wp-content\/uploads\/trafilaturaPaccheri.jpg","type":"image\/jpeg"}],"author":"Giuseppe","twitter_card":"summary_large_image","twitter_creator":"@saporideisassi","twitter_site":"@saporideisassi","twitter_misc":{"Scritto da":"Giuseppe","Tempo di lettura stimato":"4 minuti"},"schema":{"@context":"https:\/\/schema.org","@graph":[{"@type":"Article","@id":"https:\/\/www.saporideisassi.it\/blog\/come-si-produce-la-pasta-di-gragnano\/#article","isPartOf":{"@id":"https:\/\/www.saporideisassi.it\/blog\/come-si-produce-la-pasta-di-gragnano\/"},"author":{"name":"Giuseppe","@id":"https:\/\/www.saporideisassi.it\/blog\/#\/schema\/person\/cbedf4a78606e72a58f11bd21b2e9726"},"headline":"Come si produce la pasta di Gragnano?","datePublished":"2021-04-16T06:15:00+00:00","dateModified":"2022-05-24T07:46:14+00:00","mainEntityOfPage":{"@id":"https:\/\/www.saporideisassi.it\/blog\/come-si-produce-la-pasta-di-gragnano\/"},"wordCount":539,"commentCount":0,"publisher":{"@id":"https:\/\/www.saporideisassi.it\/blog\/#organization"},"articleSection":["Prodotti Tipici"],"inLanguage":"it-IT","potentialAction":[{"@type":"CommentAction","name":"Comment","target":["https:\/\/www.saporideisassi.it\/blog\/come-si-produce-la-pasta-di-gragnano\/#respond"]}]},{"@type":"WebPage","@id":"https:\/\/www.saporideisassi.it\/blog\/come-si-produce-la-pasta-di-gragnano\/","url":"https:\/\/www.saporideisassi.it\/blog\/come-si-produce-la-pasta-di-gragnano\/","name":"Come si Produce la Pasta di Gragnano e Quali Sono i Suoi Segreti?","isPartOf":{"@id":"https:\/\/www.saporideisassi.it\/blog\/#website"},"datePublished":"2021-04-16T06:15:00+00:00","dateModified":"2022-05-24T07:46:14+00:00","description":"In questo articolo vengono illustrate le varie fasi della produzione della pasta di Gragnano, fiore all'occhiello della gastronomia italiana","breadcrumb":{"@id":"https:\/\/www.saporideisassi.it\/blog\/come-si-produce-la-pasta-di-gragnano\/#breadcrumb"},"inLanguage":"it-IT","potentialAction":[{"@type":"ReadAction","target":["https:\/\/www.saporideisassi.it\/blog\/come-si-produce-la-pasta-di-gragnano\/"]}]},{"@type":"BreadcrumbList","@id":"https:\/\/www.saporideisassi.it\/blog\/come-si-produce-la-pasta-di-gragnano\/#breadcrumb","itemListElement":[{"@type":"ListItem","position":1,"name":"Home","item":"https:\/\/www.saporideisassi.it\/blog\/"},{"@type":"ListItem","position":2,"name":"Come si produce la pasta di Gragnano?"}]},{"@type":"WebSite","@id":"https:\/\/www.saporideisassi.it\/blog\/#website","url":"https:\/\/www.saporideisassi.it\/blog\/","name":"Sapori dei Sassi","description":"Raccontiamo la cultura eno-gastronomica","publisher":{"@id":"https:\/\/www.saporideisassi.it\/blog\/#organization"},"potentialAction":[{"@type":"SearchAction","target":{"@type":"EntryPoint","urlTemplate":"https:\/\/www.saporideisassi.it\/blog\/?s={search_term_string}"},"query-input":"required name=search_term_string"}],"inLanguage":"it-IT"},{"@type":"Organization","@id":"https:\/\/www.saporideisassi.it\/blog\/#organization","name":"Sapori dei Sassi srl","url":"https:\/\/www.saporideisassi.it\/blog\/","logo":{"@type":"ImageObject","inLanguage":"it-IT","@id":"https:\/\/www.saporideisassi.it\/blog\/#\/schema\/logo\/image\/","url":"https:\/\/www.saporideisassi.it\/blog\/wp-content\/uploads\/cropped-sapori-dei-sassi-logo-1622549037.png","contentUrl":"https:\/\/www.saporideisassi.it\/blog\/wp-content\/uploads\/cropped-sapori-dei-sassi-logo-1622549037.png","width":213,"height":80,"caption":"Sapori dei Sassi srl"},"image":{"@id":"https:\/\/www.saporideisassi.it\/blog\/#\/schema\/logo\/image\/"},"sameAs":["https:\/\/www.facebook.com\/saporideisassi\/","https:\/\/twitter.com\/saporideisassi","https:\/\/www.instagram.com\/saporideisassi\/","https:\/\/www.youtube.com\/user\/SaporideiSassi"]},{"@type":"Person","@id":"https:\/\/www.saporideisassi.it\/blog\/#\/schema\/person\/cbedf4a78606e72a58f11bd21b2e9726","name":"Giuseppe","image":{"@type":"ImageObject","inLanguage":"it-IT","@id":"https:\/\/www.saporideisassi.it\/blog\/#\/schema\/person\/image\/","url":"https:\/\/secure.gravatar.com\/avatar\/5356ea01ec06a6acc44473a51e3934b7?s=96&d=mm&r=g","contentUrl":"https:\/\/secure.gravatar.com\/avatar\/5356ea01ec06a6acc44473a51e3934b7?s=96&d=mm&r=g","caption":"Giuseppe"},"url":"https:\/\/www.saporideisassi.it\/blog\/author\/peppesix\/"}]}},"modified_by":"Giuseppe","_links":{"self":[{"href":"https:\/\/www.saporideisassi.it\/blog\/wp-json\/wp\/v2\/posts\/9841"}],"collection":[{"href":"https:\/\/www.saporideisassi.it\/blog\/wp-json\/wp\/v2\/posts"}],"about":[{"href":"https:\/\/www.saporideisassi.it\/blog\/wp-json\/wp\/v2\/types\/post"}],"author":[{"embeddable":true,"href":"https:\/\/www.saporideisassi.it\/blog\/wp-json\/wp\/v2\/users\/4"}],"replies":[{"embeddable":true,"href":"https:\/\/www.saporideisassi.it\/blog\/wp-json\/wp\/v2\/comments?post=9841"}],"version-history":[{"count":7,"href":"https:\/\/www.saporideisassi.it\/blog\/wp-json\/wp\/v2\/posts\/9841\/revisions"}],"predecessor-version":[{"id":10618,"href":"https:\/\/www.saporideisassi.it\/blog\/wp-json\/wp\/v2\/posts\/9841\/revisions\/10618"}],"wp:featuredmedia":[{"embeddable":true,"href":"https:\/\/www.saporideisassi.it\/blog\/wp-json\/wp\/v2\/media\/9844"}],"wp:attachment":[{"href":"https:\/\/www.saporideisassi.it\/blog\/wp-json\/wp\/v2\/media?parent=9841"}],"wp:term":[{"taxonomy":"category","embeddable":true,"href":"https:\/\/www.saporideisassi.it\/blog\/wp-json\/wp\/v2\/categories?post=9841"},{"taxonomy":"post_tag","embeddable":true,"href":"https:\/\/www.saporideisassi.it\/blog\/wp-json\/wp\/v2\/tags?post=9841"}],"curies":[{"name":"wp","href":"https:\/\/api.w.org\/{rel}","templated":true}]}}